{"id":2695,"date":"2026-04-24T14:22:46","date_gmt":"2026-04-24T12:22:46","guid":{"rendered":"https:\/\/emotionscinemas.fr\/bagnols-sur-ceze\/non-classe\/michael-critique-2-emmy-henriot-le-scour-15-ans\/"},"modified":"2026-04-29T08:30:31","modified_gmt":"2026-04-29T06:30:31","slug":"michael-critique-2-emmy-henriot-le-scour-15-ans","status":"publish","type":"post","link":"https:\/\/emotionscinemas.fr\/bagnols-sur-ceze\/non-classe\/michael-critique-2-emmy-henriot-le-scour-15-ans\/","title":{"rendered":"Michael \u2014 Critique (Emmy Henriot Le Scour &#8211; 15 ans)"},"content":{"rendered":"<section class=\"ms-crit-section\">\n<div class=\"ms-crit-wrap\">\n<p>Quand on vous dit ic\u00f4ne, \u00e0 qui pensez-vous ? Personnellement, je pense \u00e0 Micheal Jackson. Cette star incontournable et internationale qui fait vibrer et met d\u2019accord toute les g\u00e9n\u00e9rations. Ce film est son biopic, racontant son enfance aux c\u00f4t\u00e9s de ses fr\u00e8res se nommant \u00ab The Jackson five \u00bb et le commencement de sa carri\u00e8re en solo.<br \/>\nM\u00ealant le jeu d\u2019acteur de Jaafar Jackson, qui interpr\u00e8te l\u2019artiste, la nostalgie des anciens morceaux et l\u2019histoire \u00e9mouvante de Micheal Jackson, un tel show ne se manque pas et se vit dans une salle de cin\u00e9ma.<\/p>\n<p class=\"ms-crit-cta\"><a href=\"https:\/\/emotionscinemas.fr\/bagnols-sur-ceze\/films\/michael\/#horaires\">Voir les s\u00e9ances \u203a<\/a><\/p>\n<\/div>\n<\/section>\n","protected":false},"excerpt":{"rendered":"<p>Quand on vous dit ic\u00f4ne, \u00e0 qui pensez-vous ? Personnellement, je pense \u00e0 Micheal Jackson. Cette star incontournable et internationale qui fait vibrer et met d\u2019accord toute les g\u00e9n\u00e9rations. Ce&#8230;<\/p>\n","protected":false},"author":0,"featured_media":0,"comment_status":"open","ping_status":"open","sticky":false,"template":"","format":"standard","meta":{"footnotes":""},"categories":[24,1],"tags":[],"class_list":{"0":"post-2695","1":"post","2":"type-post","3":"status-publish","4":"format-standard","6":"category-critique","7":"category-non-classe"},"yoast_head":"<!-- This site is optimized with the Yoast SEO plugin v27.2 - https:\/\/yoast.com\/product\/yoast-seo-wordpress\/ -->\n<title>Michael \u2014 Critique (Emmy Henriot Le Scour - 15 ans) - Cin\u00e9ma \u00c9motions de Bagnols-sur-C\u00e8ze<\/title>\n<meta name=\"robots\" content=\"index, follow, max-snippet:-1, max-image-preview:large, max-video-preview:-1\" \/>\n<link rel=\"canonical\" href=\"https:\/\/emotionscinemas.fr\/bagnols-sur-ceze\/non-classe\/michael-critique-2-emmy-henriot-le-scour-15-ans\/\" \/>\n<meta property=\"og:locale\" content=\"fr_FR\" \/>\n<meta property=\"og:type\" content=\"article\" \/>\n<meta property=\"og:title\" content=\"Michael \u2014 Critique (Emmy Henriot Le Scour - 15 ans) - Cin\u00e9ma \u00c9motions de Bagnols-sur-C\u00e8ze\" \/>\n<meta property=\"og:description\" content=\"Quand on vous dit ic\u00f4ne, \u00e0 qui pensez-vous ? Personnellement, je pense \u00e0 Micheal Jackson. Cette star incontournable et internationale qui fait vibrer et met d\u2019accord toute les g\u00e9n\u00e9rations. Ce...\" \/>\n<meta property=\"og:url\" content=\"https:\/\/emotionscinemas.fr\/bagnols-sur-ceze\/non-classe\/michael-critique-2-emmy-henriot-le-scour-15-ans\/\" \/>\n<meta property=\"og:site_name\" content=\"Cin\u00e9ma \u00c9motions de Bagnols-sur-C\u00e8ze\" \/>\n<meta property=\"article:published_time\" content=\"2026-04-24T12:22:46+00:00\" \/>\n<meta property=\"article:modified_time\" content=\"2026-04-29T06:30:31+00:00\" \/>\n<meta name=\"twitter:card\" content=\"summary_large_image\" \/>\n<meta name=\"twitter:label1\" content=\"Dur\u00e9e de lecture estim\u00e9e\" \/>\n\t<meta name=\"twitter:data1\" content=\"1 minute\" \/>\n<script type=\"application\/ld+json\" class=\"yoast-schema-graph\">{\"@context\":\"https:\/\/schema.org\",\"@graph\":[{\"@type\":\"Article\",\"@id\":\"https:\/\/emotionscinemas.fr\/bagnols-sur-ceze\/non-classe\/michael-critique-2-emmy-henriot-le-scour-15-ans\/#article\",\"isPartOf\":{\"@id\":\"https:\/\/emotionscinemas.fr\/bagnols-sur-ceze\/non-classe\/michael-critique-2-emmy-henriot-le-scour-15-ans\/\"},\"author\":{\"name\":\"\",\"@id\":\"\"},\"headline\":\"Michael \u2014 Critique (Emmy Henriot Le Scour &#8211; 15 ans)\",\"datePublished\":\"2026-04-24T12:22:46+00:00\",\"dateModified\":\"2026-04-29T06:30:31+00:00\",\"mainEntityOfPage\":{\"@id\":\"https:\/\/emotionscinemas.fr\/bagnols-sur-ceze\/non-classe\/michael-critique-2-emmy-henriot-le-scour-15-ans\/\"},\"wordCount\":114,\"commentCount\":0,\"articleSection\":[\"Critique\"],\"inLanguage\":\"fr-FR\",\"potentialAction\":[{\"@type\":\"CommentAction\",\"name\":\"Comment\",\"target\":[\"https:\/\/emotionscinemas.fr\/bagnols-sur-ceze\/non-classe\/michael-critique-2-emmy-henriot-le-scour-15-ans\/#respond\"]}]},{\"@type\":\"WebPage\",\"@id\":\"https:\/\/emotionscinemas.fr\/bagnols-sur-ceze\/non-classe\/michael-critique-2-emmy-henriot-le-scour-15-ans\/\",\"url\":\"https:\/\/emotionscinemas.fr\/bagnols-sur-ceze\/non-classe\/michael-critique-2-emmy-henriot-le-scour-15-ans\/\",\"name\":\"Michael \u2014 Critique (Emmy Henriot Le Scour - 15 ans) - Cin\u00e9ma \u00c9motions de Bagnols-sur-C\u00e8ze\",\"isPartOf\":{\"@id\":\"https:\/\/emotionscinemas.fr\/bagnols-sur-ceze\/#website\"},\"datePublished\":\"2026-04-24T12:22:46+00:00\",\"dateModified\":\"2026-04-29T06:30:31+00:00\",\"author\":{\"@id\":\"\"},\"breadcrumb\":{\"@id\":\"https:\/\/emotionscinemas.fr\/bagnols-sur-ceze\/non-classe\/michael-critique-2-emmy-henriot-le-scour-15-ans\/#breadcrumb\"},\"inLanguage\":\"fr-FR\",\"potentialAction\":[{\"@type\":\"ReadAction\",\"target\":[\"https:\/\/emotionscinemas.fr\/bagnols-sur-ceze\/non-classe\/michael-critique-2-emmy-henriot-le-scour-15-ans\/\"]}]},{\"@type\":\"BreadcrumbList\",\"@id\":\"https:\/\/emotionscinemas.fr\/bagnols-sur-ceze\/non-classe\/michael-critique-2-emmy-henriot-le-scour-15-ans\/#breadcrumb\",\"itemListElement\":[{\"@type\":\"ListItem\",\"position\":1,\"name\":\"Accueil\",\"item\":\"https:\/\/emotionscinemas.fr\/bagnols-sur-ceze\/\"},{\"@type\":\"ListItem\",\"position\":2,\"name\":\"Michael \u2014 Critique (Emmy Henriot Le Scour &#8211; 15 ans)\"}]},{\"@type\":\"WebSite\",\"@id\":\"https:\/\/emotionscinemas.fr\/bagnols-sur-ceze\/#website\",\"url\":\"https:\/\/emotionscinemas.fr\/bagnols-sur-ceze\/\",\"name\":\"Cin\u00e9ma \u00c9motions de Bagnols-sur-C\u00e8ze\",\"description\":\"\",\"potentialAction\":[{\"@type\":\"SearchAction\",\"target\":{\"@type\":\"EntryPoint\",\"urlTemplate\":\"https:\/\/emotionscinemas.fr\/bagnols-sur-ceze\/?s={search_term_string}\"},\"query-input\":{\"@type\":\"PropertyValueSpecification\",\"valueRequired\":true,\"valueName\":\"search_term_string\"}}],\"inLanguage\":\"fr-FR\"}]}<\/script>\n<!-- \/ Yoast SEO plugin. -->","yoast_head_json":{"title":"Michael \u2014 Critique (Emmy Henriot Le Scour - 15 ans) - Cin\u00e9ma \u00c9motions de Bagnols-sur-C\u00e8ze","robots":{"index":"index","follow":"follow","max-snippet":"max-snippet:-1","max-image-preview":"max-image-preview:large","max-video-preview":"max-video-preview:-1"},"canonical":"https:\/\/emotionscinemas.fr\/bagnols-sur-ceze\/non-classe\/michael-critique-2-emmy-henriot-le-scour-15-ans\/","og_locale":"fr_FR","og_type":"article","og_title":"Michael \u2014 Critique (Emmy Henriot Le Scour - 15 ans) - Cin\u00e9ma \u00c9motions de Bagnols-sur-C\u00e8ze","og_description":"Quand on vous dit ic\u00f4ne, \u00e0 qui pensez-vous ? Personnellement, je pense \u00e0 Micheal Jackson. Cette star incontournable et internationale qui fait vibrer et met d\u2019accord toute les g\u00e9n\u00e9rations. Ce...","og_url":"https:\/\/emotionscinemas.fr\/bagnols-sur-ceze\/non-classe\/michael-critique-2-emmy-henriot-le-scour-15-ans\/","og_site_name":"Cin\u00e9ma \u00c9motions de Bagnols-sur-C\u00e8ze","article_published_time":"2026-04-24T12:22:46+00:00","article_modified_time":"2026-04-29T06:30:31+00:00","twitter_card":"summary_large_image","twitter_misc":{"Dur\u00e9e de lecture estim\u00e9e":"1 minute"},"schema":{"@context":"https:\/\/schema.org","@graph":[{"@type":"Article","@id":"https:\/\/emotionscinemas.fr\/bagnols-sur-ceze\/non-classe\/michael-critique-2-emmy-henriot-le-scour-15-ans\/#article","isPartOf":{"@id":"https:\/\/emotionscinemas.fr\/bagnols-sur-ceze\/non-classe\/michael-critique-2-emmy-henriot-le-scour-15-ans\/"},"author":{"name":"","@id":""},"headline":"Michael \u2014 Critique (Emmy Henriot Le Scour &#8211; 15 ans)","datePublished":"2026-04-24T12:22:46+00:00","dateModified":"2026-04-29T06:30:31+00:00","mainEntityOfPage":{"@id":"https:\/\/emotionscinemas.fr\/bagnols-sur-ceze\/non-classe\/michael-critique-2-emmy-henriot-le-scour-15-ans\/"},"wordCount":114,"commentCount":0,"articleSection":["Critique"],"inLanguage":"fr-FR","potentialAction":[{"@type":"CommentAction","name":"Comment","target":["https:\/\/emotionscinemas.fr\/bagnols-sur-ceze\/non-classe\/michael-critique-2-emmy-henriot-le-scour-15-ans\/#respond"]}]},{"@type":"WebPage","@id":"https:\/\/emotionscinemas.fr\/bagnols-sur-ceze\/non-classe\/michael-critique-2-emmy-henriot-le-scour-15-ans\/","url":"https:\/\/emotionscinemas.fr\/bagnols-sur-ceze\/non-classe\/michael-critique-2-emmy-henriot-le-scour-15-ans\/","name":"Michael \u2014 Critique (Emmy Henriot Le Scour - 15 ans) - Cin\u00e9ma \u00c9motions de Bagnols-sur-C\u00e8ze","isPartOf":{"@id":"https:\/\/emotionscinemas.fr\/bagnols-sur-ceze\/#website"},"datePublished":"2026-04-24T12:22:46+00:00","dateModified":"2026-04-29T06:30:31+00:00","author":{"@id":""},"breadcrumb":{"@id":"https:\/\/emotionscinemas.fr\/bagnols-sur-ceze\/non-classe\/michael-critique-2-emmy-henriot-le-scour-15-ans\/#breadcrumb"},"inLanguage":"fr-FR","potentialAction":[{"@type":"ReadAction","target":["https:\/\/emotionscinemas.fr\/bagnols-sur-ceze\/non-classe\/michael-critique-2-emmy-henriot-le-scour-15-ans\/"]}]},{"@type":"BreadcrumbList","@id":"https:\/\/emotionscinemas.fr\/bagnols-sur-ceze\/non-classe\/michael-critique-2-emmy-henriot-le-scour-15-ans\/#breadcrumb","itemListElement":[{"@type":"ListItem","position":1,"name":"Accueil","item":"https:\/\/emotionscinemas.fr\/bagnols-sur-ceze\/"},{"@type":"ListItem","position":2,"name":"Michael \u2014 Critique (Emmy Henriot Le Scour &#8211; 15 ans)"}]},{"@type":"WebSite","@id":"https:\/\/emotionscinemas.fr\/bagnols-sur-ceze\/#website","url":"https:\/\/emotionscinemas.fr\/bagnols-sur-ceze\/","name":"Cin\u00e9ma \u00c9motions de Bagnols-sur-C\u00e8ze","description":"","potentialAction":[{"@type":"SearchAction","target":{"@type":"EntryPoint","urlTemplate":"https:\/\/emotionscinemas.fr\/bagnols-sur-ceze\/?s={search_term_string}"},"query-input":{"@type":"PropertyValueSpecification","valueRequired":true,"valueName":"search_term_string"}}],"inLanguage":"fr-FR"}]}},"_links":{"self":[{"href":"https:\/\/emotionscinemas.fr\/bagnols-sur-ceze\/wp-json\/wp\/v2\/posts\/2695","targetHints":{"allow":["GET"]}}],"collection":[{"href":"https:\/\/emotionscinemas.fr\/bagnols-sur-ceze\/wp-json\/wp\/v2\/posts"}],"about":[{"href":"https:\/\/emotionscinemas.fr\/bagnols-sur-ceze\/wp-json\/wp\/v2\/types\/post"}],"replies":[{"embeddable":true,"href":"https:\/\/emotionscinemas.fr\/bagnols-sur-ceze\/wp-json\/wp\/v2\/comments?post=2695"}],"version-history":[{"count":1,"href":"https:\/\/emotionscinemas.fr\/bagnols-sur-ceze\/wp-json\/wp\/v2\/posts\/2695\/revisions"}],"predecessor-version":[{"id":2696,"href":"https:\/\/emotionscinemas.fr\/bagnols-sur-ceze\/wp-json\/wp\/v2\/posts\/2695\/revisions\/2696"}],"wp:attachment":[{"href":"https:\/\/emotionscinemas.fr\/bagnols-sur-ceze\/wp-json\/wp\/v2\/media?parent=2695"}],"wp:term":[{"taxonomy":"category","embeddable":true,"href":"https:\/\/emotionscinemas.fr\/bagnols-sur-ceze\/wp-json\/wp\/v2\/categories?post=2695"},{"taxonomy":"post_tag","embeddable":true,"href":"https:\/\/emotionscinemas.fr\/bagnols-sur-ceze\/wp-json\/wp\/v2\/tags?post=2695"}],"curies":[{"name":"wp","href":"https:\/\/api.w.org\/{rel}","templated":true}]}}