{"id":2673,"date":"2026-04-15T20:04:47","date_gmt":"2026-04-15T18:04:47","guid":{"rendered":"https:\/\/emotionscinemas.fr\/bagnols-sur-ceze\/non-classe\/sauvons-les-meubles-critique-1-lucas-trichot-jouve\/"},"modified":"2026-04-30T13:46:35","modified_gmt":"2026-04-30T11:46:35","slug":"sauvons-les-meubles-critique-1-lucas-trichot-jouve-16-ans","status":"publish","type":"post","link":"https:\/\/emotionscinemas.fr\/bagnols-sur-ceze\/non-classe\/sauvons-les-meubles-critique-1-lucas-trichot-jouve-16-ans\/","title":{"rendered":"Sauvons les Meubles \u2014 Critique (Lucas Trichot-Jouve &#8211; 16 ans)"},"content":{"rendered":"<section class=\"ms-crit-section\">\n<div class=\"ms-crit-wrap\">\n<p>Lorsque Lucile retourne dans sa maison d\u2019enfance, elle d\u00e9couvre que la maladie de sa m\u00e8re est bien plus avanc\u00e9e que ce qu\u2019elle pensait. Dans ce drame, premier long m\u00e9trage de Catherine Cosme, c\u00e9saris\u00e9e en tant que chef-d\u00e9co pour le meilleur d\u00e9cor du film \u00ab La Grande Arche \u00bb (2025), on retrouve Vimala Pons, elle aussi a obtenu un c\u00e9sar : celui de la meilleure actrice 2nd r\u00f4le pour \u00ab L\u2019attachement \u00bb (2024), Yoann Zimmer, Guilaine Londez et Jean Luc Piraux. Tourn\u00e9 entre Montclus et Barjac, ce film touche par sa sinc\u00e9rit\u00e9 due \u00e0 son inspiration d\u2019une histoire vraie. La r\u00e9alisatrice nous am\u00e8ne \u00e0 r\u00e9fl\u00e9chir au syst\u00e8me des pr\u00eats bancaires et aux relations souvent compliqu\u00e9es entre m\u00e8re et fille, le tout sublim\u00e9 par une magnifique composition musicale. Le rythme, assez lent, du film nous laisse le temps de vivre chaque sc\u00e8ne et \u00e9motion.<br \/>\nEntre rires et larmes, pr\u00e9parez-vous \u00e0 \u00eatre touch\u00e9s en plein c\u0153ur.<\/p>\n<p class=\"ms-crit-cta\"><a href=\"https:\/\/emotionscinemas.fr\/bagnols-sur-ceze\/films\/sauvons-les-meubles\/#horaires\">Voir les s\u00e9ances \u203a<\/a><\/p>\n<\/div>\n<\/section>\n","protected":false},"excerpt":{"rendered":"<p>Lorsque Lucile retourne dans sa maison d\u2019enfance, elle d\u00e9couvre que la maladie de sa m\u00e8re est bien plus avanc\u00e9e que ce qu\u2019elle pensait. Dans ce drame, premier long m\u00e9trage de&#8230;<\/p>\n","protected":false},"author":0,"featured_media":0,"comment_status":"open","ping_status":"open","sticky":false,"template":"","format":"standard","meta":{"footnotes":""},"categories":[24,1],"tags":[],"class_list":{"0":"post-2673","1":"post","2":"type-post","3":"status-publish","4":"format-standard","6":"category-critique","7":"category-non-classe"},"yoast_head":"<!-- This site is optimized with the Yoast SEO plugin v27.2 - https:\/\/yoast.com\/product\/yoast-seo-wordpress\/ -->\n<title>Sauvons les Meubles \u2014 Critique (Lucas Trichot-Jouve - 16 ans) - Cin\u00e9ma \u00c9motions de Bagnols-sur-C\u00e8ze<\/title>\n<meta name=\"robots\" content=\"index, follow, max-snippet:-1, max-image-preview:large, max-video-preview:-1\" \/>\n<link rel=\"canonical\" href=\"https:\/\/emotionscinemas.fr\/bagnols-sur-ceze\/non-classe\/sauvons-les-meubles-critique-1-lucas-trichot-jouve-16-ans\/\" \/>\n<meta property=\"og:locale\" content=\"fr_FR\" \/>\n<meta property=\"og:type\" content=\"article\" \/>\n<meta property=\"og:title\" content=\"Sauvons les Meubles \u2014 Critique (Lucas Trichot-Jouve - 16 ans) - Cin\u00e9ma \u00c9motions de Bagnols-sur-C\u00e8ze\" \/>\n<meta property=\"og:description\" content=\"Lorsque Lucile retourne dans sa maison d\u2019enfance, elle d\u00e9couvre que la maladie de sa m\u00e8re est bien plus avanc\u00e9e que ce qu\u2019elle pensait. Dans ce drame, premier long m\u00e9trage de...\" \/>\n<meta property=\"og:url\" content=\"https:\/\/emotionscinemas.fr\/bagnols-sur-ceze\/non-classe\/sauvons-les-meubles-critique-1-lucas-trichot-jouve-16-ans\/\" \/>\n<meta property=\"og:site_name\" content=\"Cin\u00e9ma \u00c9motions de Bagnols-sur-C\u00e8ze\" \/>\n<meta property=\"article:published_time\" content=\"2026-04-15T18:04:47+00:00\" \/>\n<meta property=\"article:modified_time\" content=\"2026-04-30T11:46:35+00:00\" \/>\n<meta name=\"twitter:card\" content=\"summary_large_image\" \/>\n<meta name=\"twitter:label1\" content=\"Dur\u00e9e de lecture estim\u00e9e\" \/>\n\t<meta name=\"twitter:data1\" content=\"1 minute\" \/>\n<script type=\"application\/ld+json\" class=\"yoast-schema-graph\">{\"@context\":\"https:\/\/schema.org\",\"@graph\":[{\"@type\":\"Article\",\"@id\":\"https:\/\/emotionscinemas.fr\/bagnols-sur-ceze\/non-classe\/sauvons-les-meubles-critique-1-lucas-trichot-jouve-16-ans\/#article\",\"isPartOf\":{\"@id\":\"https:\/\/emotionscinemas.fr\/bagnols-sur-ceze\/non-classe\/sauvons-les-meubles-critique-1-lucas-trichot-jouve-16-ans\/\"},\"author\":{\"name\":\"\",\"@id\":\"\"},\"headline\":\"Sauvons les Meubles \u2014 Critique (Lucas Trichot-Jouve &#8211; 16 ans)\",\"datePublished\":\"2026-04-15T18:04:47+00:00\",\"dateModified\":\"2026-04-30T11:46:35+00:00\",\"mainEntityOfPage\":{\"@id\":\"https:\/\/emotionscinemas.fr\/bagnols-sur-ceze\/non-classe\/sauvons-les-meubles-critique-1-lucas-trichot-jouve-16-ans\/\"},\"wordCount\":182,\"commentCount\":0,\"articleSection\":[\"Critique\"],\"inLanguage\":\"fr-FR\",\"potentialAction\":[{\"@type\":\"CommentAction\",\"name\":\"Comment\",\"target\":[\"https:\/\/emotionscinemas.fr\/bagnols-sur-ceze\/non-classe\/sauvons-les-meubles-critique-1-lucas-trichot-jouve-16-ans\/#respond\"]}]},{\"@type\":\"WebPage\",\"@id\":\"https:\/\/emotionscinemas.fr\/bagnols-sur-ceze\/non-classe\/sauvons-les-meubles-critique-1-lucas-trichot-jouve-16-ans\/\",\"url\":\"https:\/\/emotionscinemas.fr\/bagnols-sur-ceze\/non-classe\/sauvons-les-meubles-critique-1-lucas-trichot-jouve-16-ans\/\",\"name\":\"Sauvons les Meubles \u2014 Critique (Lucas Trichot-Jouve - 16 ans) - Cin\u00e9ma \u00c9motions de Bagnols-sur-C\u00e8ze\",\"isPartOf\":{\"@id\":\"https:\/\/emotionscinemas.fr\/bagnols-sur-ceze\/#website\"},\"datePublished\":\"2026-04-15T18:04:47+00:00\",\"dateModified\":\"2026-04-30T11:46:35+00:00\",\"author\":{\"@id\":\"\"},\"breadcrumb\":{\"@id\":\"https:\/\/emotionscinemas.fr\/bagnols-sur-ceze\/non-classe\/sauvons-les-meubles-critique-1-lucas-trichot-jouve-16-ans\/#breadcrumb\"},\"inLanguage\":\"fr-FR\",\"potentialAction\":[{\"@type\":\"ReadAction\",\"target\":[\"https:\/\/emotionscinemas.fr\/bagnols-sur-ceze\/non-classe\/sauvons-les-meubles-critique-1-lucas-trichot-jouve-16-ans\/\"]}]},{\"@type\":\"BreadcrumbList\",\"@id\":\"https:\/\/emotionscinemas.fr\/bagnols-sur-ceze\/non-classe\/sauvons-les-meubles-critique-1-lucas-trichot-jouve-16-ans\/#breadcrumb\",\"itemListElement\":[{\"@type\":\"ListItem\",\"position\":1,\"name\":\"Accueil\",\"item\":\"https:\/\/emotionscinemas.fr\/bagnols-sur-ceze\/\"},{\"@type\":\"ListItem\",\"position\":2,\"name\":\"Sauvons les Meubles \u2014 Critique (Lucas Trichot-Jouve &#8211; 16 ans)\"}]},{\"@type\":\"WebSite\",\"@id\":\"https:\/\/emotionscinemas.fr\/bagnols-sur-ceze\/#website\",\"url\":\"https:\/\/emotionscinemas.fr\/bagnols-sur-ceze\/\",\"name\":\"Cin\u00e9ma \u00c9motions de Bagnols-sur-C\u00e8ze\",\"description\":\"\",\"potentialAction\":[{\"@type\":\"SearchAction\",\"target\":{\"@type\":\"EntryPoint\",\"urlTemplate\":\"https:\/\/emotionscinemas.fr\/bagnols-sur-ceze\/?s={search_term_string}\"},\"query-input\":{\"@type\":\"PropertyValueSpecification\",\"valueRequired\":true,\"valueName\":\"search_term_string\"}}],\"inLanguage\":\"fr-FR\"}]}<\/script>\n<!-- \/ Yoast SEO plugin. -->","yoast_head_json":{"title":"Sauvons les Meubles \u2014 Critique (Lucas Trichot-Jouve - 16 ans) - Cin\u00e9ma \u00c9motions de Bagnols-sur-C\u00e8ze","robots":{"index":"index","follow":"follow","max-snippet":"max-snippet:-1","max-image-preview":"max-image-preview:large","max-video-preview":"max-video-preview:-1"},"canonical":"https:\/\/emotionscinemas.fr\/bagnols-sur-ceze\/non-classe\/sauvons-les-meubles-critique-1-lucas-trichot-jouve-16-ans\/","og_locale":"fr_FR","og_type":"article","og_title":"Sauvons les Meubles \u2014 Critique (Lucas Trichot-Jouve - 16 ans) - Cin\u00e9ma \u00c9motions de Bagnols-sur-C\u00e8ze","og_description":"Lorsque Lucile retourne dans sa maison d\u2019enfance, elle d\u00e9couvre que la maladie de sa m\u00e8re est bien plus avanc\u00e9e que ce qu\u2019elle pensait. Dans ce drame, premier long m\u00e9trage de...","og_url":"https:\/\/emotionscinemas.fr\/bagnols-sur-ceze\/non-classe\/sauvons-les-meubles-critique-1-lucas-trichot-jouve-16-ans\/","og_site_name":"Cin\u00e9ma \u00c9motions de Bagnols-sur-C\u00e8ze","article_published_time":"2026-04-15T18:04:47+00:00","article_modified_time":"2026-04-30T11:46:35+00:00","twitter_card":"summary_large_image","twitter_misc":{"Dur\u00e9e de lecture estim\u00e9e":"1 minute"},"schema":{"@context":"https:\/\/schema.org","@graph":[{"@type":"Article","@id":"https:\/\/emotionscinemas.fr\/bagnols-sur-ceze\/non-classe\/sauvons-les-meubles-critique-1-lucas-trichot-jouve-16-ans\/#article","isPartOf":{"@id":"https:\/\/emotionscinemas.fr\/bagnols-sur-ceze\/non-classe\/sauvons-les-meubles-critique-1-lucas-trichot-jouve-16-ans\/"},"author":{"name":"","@id":""},"headline":"Sauvons les Meubles \u2014 Critique (Lucas Trichot-Jouve &#8211; 16 ans)","datePublished":"2026-04-15T18:04:47+00:00","dateModified":"2026-04-30T11:46:35+00:00","mainEntityOfPage":{"@id":"https:\/\/emotionscinemas.fr\/bagnols-sur-ceze\/non-classe\/sauvons-les-meubles-critique-1-lucas-trichot-jouve-16-ans\/"},"wordCount":182,"commentCount":0,"articleSection":["Critique"],"inLanguage":"fr-FR","potentialAction":[{"@type":"CommentAction","name":"Comment","target":["https:\/\/emotionscinemas.fr\/bagnols-sur-ceze\/non-classe\/sauvons-les-meubles-critique-1-lucas-trichot-jouve-16-ans\/#respond"]}]},{"@type":"WebPage","@id":"https:\/\/emotionscinemas.fr\/bagnols-sur-ceze\/non-classe\/sauvons-les-meubles-critique-1-lucas-trichot-jouve-16-ans\/","url":"https:\/\/emotionscinemas.fr\/bagnols-sur-ceze\/non-classe\/sauvons-les-meubles-critique-1-lucas-trichot-jouve-16-ans\/","name":"Sauvons les Meubles \u2014 Critique (Lucas Trichot-Jouve - 16 ans) - Cin\u00e9ma \u00c9motions de Bagnols-sur-C\u00e8ze","isPartOf":{"@id":"https:\/\/emotionscinemas.fr\/bagnols-sur-ceze\/#website"},"datePublished":"2026-04-15T18:04:47+00:00","dateModified":"2026-04-30T11:46:35+00:00","author":{"@id":""},"breadcrumb":{"@id":"https:\/\/emotionscinemas.fr\/bagnols-sur-ceze\/non-classe\/sauvons-les-meubles-critique-1-lucas-trichot-jouve-16-ans\/#breadcrumb"},"inLanguage":"fr-FR","potentialAction":[{"@type":"ReadAction","target":["https:\/\/emotionscinemas.fr\/bagnols-sur-ceze\/non-classe\/sauvons-les-meubles-critique-1-lucas-trichot-jouve-16-ans\/"]}]},{"@type":"BreadcrumbList","@id":"https:\/\/emotionscinemas.fr\/bagnols-sur-ceze\/non-classe\/sauvons-les-meubles-critique-1-lucas-trichot-jouve-16-ans\/#breadcrumb","itemListElement":[{"@type":"ListItem","position":1,"name":"Accueil","item":"https:\/\/emotionscinemas.fr\/bagnols-sur-ceze\/"},{"@type":"ListItem","position":2,"name":"Sauvons les Meubles \u2014 Critique (Lucas Trichot-Jouve &#8211; 16 ans)"}]},{"@type":"WebSite","@id":"https:\/\/emotionscinemas.fr\/bagnols-sur-ceze\/#website","url":"https:\/\/emotionscinemas.fr\/bagnols-sur-ceze\/","name":"Cin\u00e9ma \u00c9motions de Bagnols-sur-C\u00e8ze","description":"","potentialAction":[{"@type":"SearchAction","target":{"@type":"EntryPoint","urlTemplate":"https:\/\/emotionscinemas.fr\/bagnols-sur-ceze\/?s={search_term_string}"},"query-input":{"@type":"PropertyValueSpecification","valueRequired":true,"valueName":"search_term_string"}}],"inLanguage":"fr-FR"}]}},"_links":{"self":[{"href":"https:\/\/emotionscinemas.fr\/bagnols-sur-ceze\/wp-json\/wp\/v2\/posts\/2673","targetHints":{"allow":["GET"]}}],"collection":[{"href":"https:\/\/emotionscinemas.fr\/bagnols-sur-ceze\/wp-json\/wp\/v2\/posts"}],"about":[{"href":"https:\/\/emotionscinemas.fr\/bagnols-sur-ceze\/wp-json\/wp\/v2\/types\/post"}],"replies":[{"embeddable":true,"href":"https:\/\/emotionscinemas.fr\/bagnols-sur-ceze\/wp-json\/wp\/v2\/comments?post=2673"}],"version-history":[{"count":1,"href":"https:\/\/emotionscinemas.fr\/bagnols-sur-ceze\/wp-json\/wp\/v2\/posts\/2673\/revisions"}],"predecessor-version":[{"id":2674,"href":"https:\/\/emotionscinemas.fr\/bagnols-sur-ceze\/wp-json\/wp\/v2\/posts\/2673\/revisions\/2674"}],"wp:attachment":[{"href":"https:\/\/emotionscinemas.fr\/bagnols-sur-ceze\/wp-json\/wp\/v2\/media?parent=2673"}],"wp:term":[{"taxonomy":"category","embeddable":true,"href":"https:\/\/emotionscinemas.fr\/bagnols-sur-ceze\/wp-json\/wp\/v2\/categories?post=2673"},{"taxonomy":"post_tag","embeddable":true,"href":"https:\/\/emotionscinemas.fr\/bagnols-sur-ceze\/wp-json\/wp\/v2\/tags?post=2673"}],"curies":[{"name":"wp","href":"https:\/\/api.w.org\/{rel}","templated":true}]}}