{"id":2671,"date":"2026-04-15T19:57:54","date_gmt":"2026-04-15T17:57:54","guid":{"rendered":"https:\/\/emotionscinemas.fr\/bagnols-sur-ceze\/non-classe\/the-drama-critique-2-emmy-henriot-le-scour-15-ans\/"},"modified":"2026-04-29T23:55:26","modified_gmt":"2026-04-29T21:55:26","slug":"the-drama-critique-2-emmy-henriot-le-scour-15-ans","status":"publish","type":"post","link":"https:\/\/emotionscinemas.fr\/bagnols-sur-ceze\/non-classe\/the-drama-critique-2-emmy-henriot-le-scour-15-ans\/","title":{"rendered":"The Drama \u2014 Critique (Emmy Henriot Le Scour &#8211; 15 ans)"},"content":{"rendered":"<section class=\"ms-crit-section\">\n<div class=\"ms-crit-wrap\">\n<p>J\u2019ai sinc\u00e8rement appr\u00e9ci\u00e9 le film \u00ab The Drama \u00bb r\u00e9alis\u00e9 par Kristoffer Borgli.<br \/>\nJ\u2019ai trouv\u00e9 qu\u2019il \u00e9tait tr\u00e8s bien r\u00e9alis\u00e9 , j\u2019ai aimer les diff\u00e9rents plans cam\u00e9ra autant que le son contenant des silences bien int\u00e9gr\u00e9s et des musiques qui collent avec la vibes du film. M\u00eame si le film se dit \u00eatre une romance de mon point de vue ce n\u2019est seulement durant la premi\u00e8re partie du film.La seconde est plut\u00f4t concentr\u00e9 sur la psychologie des personnages et de la situation dans laquelle se retrouvent les deux protagonistes. D\u2019apr\u00e8s moi le jeu d\u2019acteur est exellent et le fil conducteur du film prenant m\u00eal\u00e9 \u00e0 une touche d\u2019humour bien choisie l\u2019est tout autant. De mon point de vu , c\u2019est un film \u00e0 d\u00e9bat. Il y a une tonne de questions \u00e0 se poser \u00e0 la fin de ce film sur les relations amoureuses comme amicales. De plus on en vient \u00e0 se demander si nos actions pass\u00e9es d\u00e9finissent qui nous sommes.<\/p>\n<p class=\"ms-crit-cta\"><a href=\"https:\/\/emotionscinemas.fr\/bagnols-sur-ceze\/films\/the-drama\/#horaires\">Voir les s\u00e9ances \u203a<\/a><\/p>\n<\/div>\n<\/section>\n","protected":false},"excerpt":{"rendered":"<p>J\u2019ai sinc\u00e8rement appr\u00e9ci\u00e9 le film \u00ab The Drama \u00bb r\u00e9alis\u00e9 par Kristoffer Borgli. J\u2019ai trouv\u00e9 qu\u2019il \u00e9tait tr\u00e8s bien r\u00e9alis\u00e9 , j\u2019ai aimer les diff\u00e9rents plans cam\u00e9ra autant que le&#8230;<\/p>\n","protected":false},"author":0,"featured_media":0,"comment_status":"open","ping_status":"open","sticky":false,"template":"","format":"standard","meta":{"footnotes":""},"categories":[24,1],"tags":[],"class_list":{"0":"post-2671","1":"post","2":"type-post","3":"status-publish","4":"format-standard","6":"category-critique","7":"category-non-classe"},"yoast_head":"<!-- This site is optimized with the Yoast SEO plugin v27.2 - https:\/\/yoast.com\/product\/yoast-seo-wordpress\/ -->\n<title>The Drama \u2014 Critique (Emmy Henriot Le Scour - 15 ans) - Cin\u00e9ma \u00c9motions de Bagnols-sur-C\u00e8ze<\/title>\n<meta name=\"robots\" content=\"index, follow, max-snippet:-1, max-image-preview:large, max-video-preview:-1\" \/>\n<link rel=\"canonical\" href=\"https:\/\/emotionscinemas.fr\/bagnols-sur-ceze\/non-classe\/the-drama-critique-2-emmy-henriot-le-scour-15-ans\/\" \/>\n<meta property=\"og:locale\" content=\"fr_FR\" \/>\n<meta property=\"og:type\" content=\"article\" \/>\n<meta property=\"og:title\" content=\"The Drama \u2014 Critique (Emmy Henriot Le Scour - 15 ans) - Cin\u00e9ma \u00c9motions de Bagnols-sur-C\u00e8ze\" \/>\n<meta property=\"og:description\" content=\"J\u2019ai sinc\u00e8rement appr\u00e9ci\u00e9 le film \u00ab The Drama \u00bb r\u00e9alis\u00e9 par Kristoffer Borgli. J\u2019ai trouv\u00e9 qu\u2019il \u00e9tait tr\u00e8s bien r\u00e9alis\u00e9 , j\u2019ai aimer les diff\u00e9rents plans cam\u00e9ra autant que le...\" \/>\n<meta property=\"og:url\" content=\"https:\/\/emotionscinemas.fr\/bagnols-sur-ceze\/non-classe\/the-drama-critique-2-emmy-henriot-le-scour-15-ans\/\" \/>\n<meta property=\"og:site_name\" content=\"Cin\u00e9ma \u00c9motions de Bagnols-sur-C\u00e8ze\" \/>\n<meta property=\"article:published_time\" content=\"2026-04-15T17:57:54+00:00\" \/>\n<meta property=\"article:modified_time\" content=\"2026-04-29T21:55:26+00:00\" \/>\n<meta name=\"twitter:card\" content=\"summary_large_image\" \/>\n<meta name=\"twitter:label1\" content=\"Dur\u00e9e de lecture estim\u00e9e\" \/>\n\t<meta name=\"twitter:data1\" content=\"1 minute\" \/>\n<script type=\"application\/ld+json\" class=\"yoast-schema-graph\">{\"@context\":\"https:\/\/schema.org\",\"@graph\":[{\"@type\":\"Article\",\"@id\":\"https:\/\/emotionscinemas.fr\/bagnols-sur-ceze\/non-classe\/the-drama-critique-2-emmy-henriot-le-scour-15-ans\/#article\",\"isPartOf\":{\"@id\":\"https:\/\/emotionscinemas.fr\/bagnols-sur-ceze\/non-classe\/the-drama-critique-2-emmy-henriot-le-scour-15-ans\/\"},\"author\":{\"name\":\"\",\"@id\":\"\"},\"headline\":\"The Drama \u2014 Critique (Emmy Henriot Le Scour &#8211; 15 ans)\",\"datePublished\":\"2026-04-15T17:57:54+00:00\",\"dateModified\":\"2026-04-29T21:55:26+00:00\",\"mainEntityOfPage\":{\"@id\":\"https:\/\/emotionscinemas.fr\/bagnols-sur-ceze\/non-classe\/the-drama-critique-2-emmy-henriot-le-scour-15-ans\/\"},\"wordCount\":194,\"commentCount\":0,\"articleSection\":[\"Critique\"],\"inLanguage\":\"fr-FR\",\"potentialAction\":[{\"@type\":\"CommentAction\",\"name\":\"Comment\",\"target\":[\"https:\/\/emotionscinemas.fr\/bagnols-sur-ceze\/non-classe\/the-drama-critique-2-emmy-henriot-le-scour-15-ans\/#respond\"]}]},{\"@type\":\"WebPage\",\"@id\":\"https:\/\/emotionscinemas.fr\/bagnols-sur-ceze\/non-classe\/the-drama-critique-2-emmy-henriot-le-scour-15-ans\/\",\"url\":\"https:\/\/emotionscinemas.fr\/bagnols-sur-ceze\/non-classe\/the-drama-critique-2-emmy-henriot-le-scour-15-ans\/\",\"name\":\"The Drama \u2014 Critique (Emmy Henriot Le Scour - 15 ans) - Cin\u00e9ma \u00c9motions de Bagnols-sur-C\u00e8ze\",\"isPartOf\":{\"@id\":\"https:\/\/emotionscinemas.fr\/bagnols-sur-ceze\/#website\"},\"datePublished\":\"2026-04-15T17:57:54+00:00\",\"dateModified\":\"2026-04-29T21:55:26+00:00\",\"author\":{\"@id\":\"\"},\"breadcrumb\":{\"@id\":\"https:\/\/emotionscinemas.fr\/bagnols-sur-ceze\/non-classe\/the-drama-critique-2-emmy-henriot-le-scour-15-ans\/#breadcrumb\"},\"inLanguage\":\"fr-FR\",\"potentialAction\":[{\"@type\":\"ReadAction\",\"target\":[\"https:\/\/emotionscinemas.fr\/bagnols-sur-ceze\/non-classe\/the-drama-critique-2-emmy-henriot-le-scour-15-ans\/\"]}]},{\"@type\":\"BreadcrumbList\",\"@id\":\"https:\/\/emotionscinemas.fr\/bagnols-sur-ceze\/non-classe\/the-drama-critique-2-emmy-henriot-le-scour-15-ans\/#breadcrumb\",\"itemListElement\":[{\"@type\":\"ListItem\",\"position\":1,\"name\":\"Accueil\",\"item\":\"https:\/\/emotionscinemas.fr\/bagnols-sur-ceze\/\"},{\"@type\":\"ListItem\",\"position\":2,\"name\":\"The Drama \u2014 Critique (Emmy Henriot Le Scour &#8211; 15 ans)\"}]},{\"@type\":\"WebSite\",\"@id\":\"https:\/\/emotionscinemas.fr\/bagnols-sur-ceze\/#website\",\"url\":\"https:\/\/emotionscinemas.fr\/bagnols-sur-ceze\/\",\"name\":\"Cin\u00e9ma \u00c9motions de Bagnols-sur-C\u00e8ze\",\"description\":\"\",\"potentialAction\":[{\"@type\":\"SearchAction\",\"target\":{\"@type\":\"EntryPoint\",\"urlTemplate\":\"https:\/\/emotionscinemas.fr\/bagnols-sur-ceze\/?s={search_term_string}\"},\"query-input\":{\"@type\":\"PropertyValueSpecification\",\"valueRequired\":true,\"valueName\":\"search_term_string\"}}],\"inLanguage\":\"fr-FR\"}]}<\/script>\n<!-- \/ Yoast SEO plugin. -->","yoast_head_json":{"title":"The Drama \u2014 Critique (Emmy Henriot Le Scour - 15 ans) - Cin\u00e9ma \u00c9motions de Bagnols-sur-C\u00e8ze","robots":{"index":"index","follow":"follow","max-snippet":"max-snippet:-1","max-image-preview":"max-image-preview:large","max-video-preview":"max-video-preview:-1"},"canonical":"https:\/\/emotionscinemas.fr\/bagnols-sur-ceze\/non-classe\/the-drama-critique-2-emmy-henriot-le-scour-15-ans\/","og_locale":"fr_FR","og_type":"article","og_title":"The Drama \u2014 Critique (Emmy Henriot Le Scour - 15 ans) - Cin\u00e9ma \u00c9motions de Bagnols-sur-C\u00e8ze","og_description":"J\u2019ai sinc\u00e8rement appr\u00e9ci\u00e9 le film \u00ab The Drama \u00bb r\u00e9alis\u00e9 par Kristoffer Borgli. J\u2019ai trouv\u00e9 qu\u2019il \u00e9tait tr\u00e8s bien r\u00e9alis\u00e9 , j\u2019ai aimer les diff\u00e9rents plans cam\u00e9ra autant que le...","og_url":"https:\/\/emotionscinemas.fr\/bagnols-sur-ceze\/non-classe\/the-drama-critique-2-emmy-henriot-le-scour-15-ans\/","og_site_name":"Cin\u00e9ma \u00c9motions de Bagnols-sur-C\u00e8ze","article_published_time":"2026-04-15T17:57:54+00:00","article_modified_time":"2026-04-29T21:55:26+00:00","twitter_card":"summary_large_image","twitter_misc":{"Dur\u00e9e de lecture estim\u00e9e":"1 minute"},"schema":{"@context":"https:\/\/schema.org","@graph":[{"@type":"Article","@id":"https:\/\/emotionscinemas.fr\/bagnols-sur-ceze\/non-classe\/the-drama-critique-2-emmy-henriot-le-scour-15-ans\/#article","isPartOf":{"@id":"https:\/\/emotionscinemas.fr\/bagnols-sur-ceze\/non-classe\/the-drama-critique-2-emmy-henriot-le-scour-15-ans\/"},"author":{"name":"","@id":""},"headline":"The Drama \u2014 Critique (Emmy Henriot Le Scour &#8211; 15 ans)","datePublished":"2026-04-15T17:57:54+00:00","dateModified":"2026-04-29T21:55:26+00:00","mainEntityOfPage":{"@id":"https:\/\/emotionscinemas.fr\/bagnols-sur-ceze\/non-classe\/the-drama-critique-2-emmy-henriot-le-scour-15-ans\/"},"wordCount":194,"commentCount":0,"articleSection":["Critique"],"inLanguage":"fr-FR","potentialAction":[{"@type":"CommentAction","name":"Comment","target":["https:\/\/emotionscinemas.fr\/bagnols-sur-ceze\/non-classe\/the-drama-critique-2-emmy-henriot-le-scour-15-ans\/#respond"]}]},{"@type":"WebPage","@id":"https:\/\/emotionscinemas.fr\/bagnols-sur-ceze\/non-classe\/the-drama-critique-2-emmy-henriot-le-scour-15-ans\/","url":"https:\/\/emotionscinemas.fr\/bagnols-sur-ceze\/non-classe\/the-drama-critique-2-emmy-henriot-le-scour-15-ans\/","name":"The Drama \u2014 Critique (Emmy Henriot Le Scour - 15 ans) - Cin\u00e9ma \u00c9motions de Bagnols-sur-C\u00e8ze","isPartOf":{"@id":"https:\/\/emotionscinemas.fr\/bagnols-sur-ceze\/#website"},"datePublished":"2026-04-15T17:57:54+00:00","dateModified":"2026-04-29T21:55:26+00:00","author":{"@id":""},"breadcrumb":{"@id":"https:\/\/emotionscinemas.fr\/bagnols-sur-ceze\/non-classe\/the-drama-critique-2-emmy-henriot-le-scour-15-ans\/#breadcrumb"},"inLanguage":"fr-FR","potentialAction":[{"@type":"ReadAction","target":["https:\/\/emotionscinemas.fr\/bagnols-sur-ceze\/non-classe\/the-drama-critique-2-emmy-henriot-le-scour-15-ans\/"]}]},{"@type":"BreadcrumbList","@id":"https:\/\/emotionscinemas.fr\/bagnols-sur-ceze\/non-classe\/the-drama-critique-2-emmy-henriot-le-scour-15-ans\/#breadcrumb","itemListElement":[{"@type":"ListItem","position":1,"name":"Accueil","item":"https:\/\/emotionscinemas.fr\/bagnols-sur-ceze\/"},{"@type":"ListItem","position":2,"name":"The Drama \u2014 Critique (Emmy Henriot Le Scour &#8211; 15 ans)"}]},{"@type":"WebSite","@id":"https:\/\/emotionscinemas.fr\/bagnols-sur-ceze\/#website","url":"https:\/\/emotionscinemas.fr\/bagnols-sur-ceze\/","name":"Cin\u00e9ma \u00c9motions de Bagnols-sur-C\u00e8ze","description":"","potentialAction":[{"@type":"SearchAction","target":{"@type":"EntryPoint","urlTemplate":"https:\/\/emotionscinemas.fr\/bagnols-sur-ceze\/?s={search_term_string}"},"query-input":{"@type":"PropertyValueSpecification","valueRequired":true,"valueName":"search_term_string"}}],"inLanguage":"fr-FR"}]}},"_links":{"self":[{"href":"https:\/\/emotionscinemas.fr\/bagnols-sur-ceze\/wp-json\/wp\/v2\/posts\/2671","targetHints":{"allow":["GET"]}}],"collection":[{"href":"https:\/\/emotionscinemas.fr\/bagnols-sur-ceze\/wp-json\/wp\/v2\/posts"}],"about":[{"href":"https:\/\/emotionscinemas.fr\/bagnols-sur-ceze\/wp-json\/wp\/v2\/types\/post"}],"replies":[{"embeddable":true,"href":"https:\/\/emotionscinemas.fr\/bagnols-sur-ceze\/wp-json\/wp\/v2\/comments?post=2671"}],"version-history":[{"count":1,"href":"https:\/\/emotionscinemas.fr\/bagnols-sur-ceze\/wp-json\/wp\/v2\/posts\/2671\/revisions"}],"predecessor-version":[{"id":2672,"href":"https:\/\/emotionscinemas.fr\/bagnols-sur-ceze\/wp-json\/wp\/v2\/posts\/2671\/revisions\/2672"}],"wp:attachment":[{"href":"https:\/\/emotionscinemas.fr\/bagnols-sur-ceze\/wp-json\/wp\/v2\/media?parent=2671"}],"wp:term":[{"taxonomy":"category","embeddable":true,"href":"https:\/\/emotionscinemas.fr\/bagnols-sur-ceze\/wp-json\/wp\/v2\/categories?post=2671"},{"taxonomy":"post_tag","embeddable":true,"href":"https:\/\/emotionscinemas.fr\/bagnols-sur-ceze\/wp-json\/wp\/v2\/tags?post=2671"}],"curies":[{"name":"wp","href":"https:\/\/api.w.org\/{rel}","templated":true}]}}