{"id":2659,"date":"2026-04-13T17:58:09","date_gmt":"2026-04-13T15:58:09","guid":{"rendered":"https:\/\/emotionscinemas.fr\/bagnols-sur-ceze\/non-classe\/compostelle-critique-1-ines-verbregue-15-ans\/"},"modified":"2026-04-29T23:07:10","modified_gmt":"2026-04-29T21:07:10","slug":"compostelle-critique-1-ines-verbregue-15-ans","status":"publish","type":"post","link":"https:\/\/emotionscinemas.fr\/bagnols-sur-ceze\/non-classe\/compostelle-critique-1-ines-verbregue-15-ans\/","title":{"rendered":"Compostelle \u2014 Critique (In\u00e8s VERBR\u00c8GUE &#8211; 15 ans)"},"content":{"rendered":"<section class=\"ms-crit-section\">\n<div class=\"ms-crit-wrap\">\n<p>Fred et Adam, un adolescent perdu et une ancienne institutrice, ne se connaissent pas. Pourtant, gr\u00e2ce \u00e0 une association, ils vont partir ensemble faire le p\u00e8lerinage de Saint-Jacques-de-Compostelle. Elle cherche \u00e0 apaiser son pass\u00e9, il tente de canaliser sa col\u00e8re. Au fil des kilom\u00e8tres, un lien fragile se tisse. Inspir\u00e9 de faits r\u00e9els.<br \/>\nCompostelle, film fran\u00e7ais r\u00e9aliser par Yann Samuell, qui nous montre un gar\u00e7on de 17 ans qui recherche d\u00e9sesp\u00e9r\u00e9ment l\u2019amour d\u2019une figure parental et une m\u00e8re largu\u00e9 avec sa fille, en plein divorce et vir\u00e9e de son travail. C\u2019est deux profils compl\u00e8tement oppos\u00e9s vont former un duo des plus inattendus.<br \/>\nCe film repr\u00e9sente tr\u00e8s justement ce que vivent de nombreux adolescents, souvent mal compris par les adultes. Julien Le Berre transmet d\u2019ailleurs tr\u00e8s bien cet univers: m\u00eame lorsqu\u2019il parle peu, ses \u00e9motions passent dans ses regards ou ses gestes. Cependant, quelques fois le scenario est un peu trop st\u00e9r\u00e9otyp\u00e9 sur l\u2019attitude des adolescents.<\/p>\n<p class=\"ms-crit-cta\"><a href=\"https:\/\/emotionscinemas.fr\/bagnols-sur-ceze\/films\/compostelle\/#horaires\">Voir les s\u00e9ances \u203a<\/a><\/p>\n<\/div>\n<\/section>\n","protected":false},"excerpt":{"rendered":"<p>Fred et Adam, un adolescent perdu et une ancienne institutrice, ne se connaissent pas. Pourtant, gr\u00e2ce \u00e0 une association, ils vont partir ensemble faire le p\u00e8lerinage de Saint-Jacques-de-Compostelle. Elle cherche&#8230;<\/p>\n","protected":false},"author":0,"featured_media":0,"comment_status":"open","ping_status":"open","sticky":false,"template":"","format":"standard","meta":{"footnotes":""},"categories":[24,1],"tags":[],"class_list":{"0":"post-2659","1":"post","2":"type-post","3":"status-publish","4":"format-standard","6":"category-critique","7":"category-non-classe"},"yoast_head":"<!-- This site is optimized with the Yoast SEO plugin v27.2 - https:\/\/yoast.com\/product\/yoast-seo-wordpress\/ -->\n<title>Compostelle \u2014 Critique (In\u00e8s VERBR\u00c8GUE - 15 ans) - Cin\u00e9ma \u00c9motions de Bagnols-sur-C\u00e8ze<\/title>\n<meta name=\"robots\" content=\"index, follow, max-snippet:-1, max-image-preview:large, max-video-preview:-1\" \/>\n<link rel=\"canonical\" href=\"https:\/\/emotionscinemas.fr\/bagnols-sur-ceze\/non-classe\/compostelle-critique-1-ines-verbregue-15-ans\/\" \/>\n<meta property=\"og:locale\" content=\"fr_FR\" \/>\n<meta property=\"og:type\" content=\"article\" \/>\n<meta property=\"og:title\" content=\"Compostelle \u2014 Critique (In\u00e8s VERBR\u00c8GUE - 15 ans) - Cin\u00e9ma \u00c9motions de Bagnols-sur-C\u00e8ze\" \/>\n<meta property=\"og:description\" content=\"Fred et Adam, un adolescent perdu et une ancienne institutrice, ne se connaissent pas. Pourtant, gr\u00e2ce \u00e0 une association, ils vont partir ensemble faire le p\u00e8lerinage de Saint-Jacques-de-Compostelle. Elle cherche...\" \/>\n<meta property=\"og:url\" content=\"https:\/\/emotionscinemas.fr\/bagnols-sur-ceze\/non-classe\/compostelle-critique-1-ines-verbregue-15-ans\/\" \/>\n<meta property=\"og:site_name\" content=\"Cin\u00e9ma \u00c9motions de Bagnols-sur-C\u00e8ze\" \/>\n<meta property=\"article:published_time\" content=\"2026-04-13T15:58:09+00:00\" \/>\n<meta property=\"article:modified_time\" content=\"2026-04-29T21:07:10+00:00\" \/>\n<meta name=\"twitter:card\" content=\"summary_large_image\" \/>\n<meta name=\"twitter:label1\" content=\"Dur\u00e9e de lecture estim\u00e9e\" \/>\n\t<meta name=\"twitter:data1\" content=\"1 minute\" \/>\n<script type=\"application\/ld+json\" class=\"yoast-schema-graph\">{\"@context\":\"https:\/\/schema.org\",\"@graph\":[{\"@type\":\"Article\",\"@id\":\"https:\/\/emotionscinemas.fr\/bagnols-sur-ceze\/non-classe\/compostelle-critique-1-ines-verbregue-15-ans\/#article\",\"isPartOf\":{\"@id\":\"https:\/\/emotionscinemas.fr\/bagnols-sur-ceze\/non-classe\/compostelle-critique-1-ines-verbregue-15-ans\/\"},\"author\":{\"name\":\"\",\"@id\":\"\"},\"headline\":\"Compostelle \u2014 Critique (In\u00e8s VERBR\u00c8GUE &#8211; 15 ans)\",\"datePublished\":\"2026-04-13T15:58:09+00:00\",\"dateModified\":\"2026-04-29T21:07:10+00:00\",\"mainEntityOfPage\":{\"@id\":\"https:\/\/emotionscinemas.fr\/bagnols-sur-ceze\/non-classe\/compostelle-critique-1-ines-verbregue-15-ans\/\"},\"wordCount\":191,\"commentCount\":0,\"articleSection\":[\"Critique\"],\"inLanguage\":\"fr-FR\",\"potentialAction\":[{\"@type\":\"CommentAction\",\"name\":\"Comment\",\"target\":[\"https:\/\/emotionscinemas.fr\/bagnols-sur-ceze\/non-classe\/compostelle-critique-1-ines-verbregue-15-ans\/#respond\"]}]},{\"@type\":\"WebPage\",\"@id\":\"https:\/\/emotionscinemas.fr\/bagnols-sur-ceze\/non-classe\/compostelle-critique-1-ines-verbregue-15-ans\/\",\"url\":\"https:\/\/emotionscinemas.fr\/bagnols-sur-ceze\/non-classe\/compostelle-critique-1-ines-verbregue-15-ans\/\",\"name\":\"Compostelle \u2014 Critique (In\u00e8s VERBR\u00c8GUE - 15 ans) - Cin\u00e9ma \u00c9motions de Bagnols-sur-C\u00e8ze\",\"isPartOf\":{\"@id\":\"https:\/\/emotionscinemas.fr\/bagnols-sur-ceze\/#website\"},\"datePublished\":\"2026-04-13T15:58:09+00:00\",\"dateModified\":\"2026-04-29T21:07:10+00:00\",\"author\":{\"@id\":\"\"},\"breadcrumb\":{\"@id\":\"https:\/\/emotionscinemas.fr\/bagnols-sur-ceze\/non-classe\/compostelle-critique-1-ines-verbregue-15-ans\/#breadcrumb\"},\"inLanguage\":\"fr-FR\",\"potentialAction\":[{\"@type\":\"ReadAction\",\"target\":[\"https:\/\/emotionscinemas.fr\/bagnols-sur-ceze\/non-classe\/compostelle-critique-1-ines-verbregue-15-ans\/\"]}]},{\"@type\":\"BreadcrumbList\",\"@id\":\"https:\/\/emotionscinemas.fr\/bagnols-sur-ceze\/non-classe\/compostelle-critique-1-ines-verbregue-15-ans\/#breadcrumb\",\"itemListElement\":[{\"@type\":\"ListItem\",\"position\":1,\"name\":\"Accueil\",\"item\":\"https:\/\/emotionscinemas.fr\/bagnols-sur-ceze\/\"},{\"@type\":\"ListItem\",\"position\":2,\"name\":\"Compostelle \u2014 Critique (In\u00e8s VERBR\u00c8GUE &#8211; 15 ans)\"}]},{\"@type\":\"WebSite\",\"@id\":\"https:\/\/emotionscinemas.fr\/bagnols-sur-ceze\/#website\",\"url\":\"https:\/\/emotionscinemas.fr\/bagnols-sur-ceze\/\",\"name\":\"Cin\u00e9ma \u00c9motions de Bagnols-sur-C\u00e8ze\",\"description\":\"\",\"potentialAction\":[{\"@type\":\"SearchAction\",\"target\":{\"@type\":\"EntryPoint\",\"urlTemplate\":\"https:\/\/emotionscinemas.fr\/bagnols-sur-ceze\/?s={search_term_string}\"},\"query-input\":{\"@type\":\"PropertyValueSpecification\",\"valueRequired\":true,\"valueName\":\"search_term_string\"}}],\"inLanguage\":\"fr-FR\"}]}<\/script>\n<!-- \/ Yoast SEO plugin. -->","yoast_head_json":{"title":"Compostelle \u2014 Critique (In\u00e8s VERBR\u00c8GUE - 15 ans) - Cin\u00e9ma \u00c9motions de Bagnols-sur-C\u00e8ze","robots":{"index":"index","follow":"follow","max-snippet":"max-snippet:-1","max-image-preview":"max-image-preview:large","max-video-preview":"max-video-preview:-1"},"canonical":"https:\/\/emotionscinemas.fr\/bagnols-sur-ceze\/non-classe\/compostelle-critique-1-ines-verbregue-15-ans\/","og_locale":"fr_FR","og_type":"article","og_title":"Compostelle \u2014 Critique (In\u00e8s VERBR\u00c8GUE - 15 ans) - Cin\u00e9ma \u00c9motions de Bagnols-sur-C\u00e8ze","og_description":"Fred et Adam, un adolescent perdu et une ancienne institutrice, ne se connaissent pas. Pourtant, gr\u00e2ce \u00e0 une association, ils vont partir ensemble faire le p\u00e8lerinage de Saint-Jacques-de-Compostelle. Elle cherche...","og_url":"https:\/\/emotionscinemas.fr\/bagnols-sur-ceze\/non-classe\/compostelle-critique-1-ines-verbregue-15-ans\/","og_site_name":"Cin\u00e9ma \u00c9motions de Bagnols-sur-C\u00e8ze","article_published_time":"2026-04-13T15:58:09+00:00","article_modified_time":"2026-04-29T21:07:10+00:00","twitter_card":"summary_large_image","twitter_misc":{"Dur\u00e9e de lecture estim\u00e9e":"1 minute"},"schema":{"@context":"https:\/\/schema.org","@graph":[{"@type":"Article","@id":"https:\/\/emotionscinemas.fr\/bagnols-sur-ceze\/non-classe\/compostelle-critique-1-ines-verbregue-15-ans\/#article","isPartOf":{"@id":"https:\/\/emotionscinemas.fr\/bagnols-sur-ceze\/non-classe\/compostelle-critique-1-ines-verbregue-15-ans\/"},"author":{"name":"","@id":""},"headline":"Compostelle \u2014 Critique (In\u00e8s VERBR\u00c8GUE &#8211; 15 ans)","datePublished":"2026-04-13T15:58:09+00:00","dateModified":"2026-04-29T21:07:10+00:00","mainEntityOfPage":{"@id":"https:\/\/emotionscinemas.fr\/bagnols-sur-ceze\/non-classe\/compostelle-critique-1-ines-verbregue-15-ans\/"},"wordCount":191,"commentCount":0,"articleSection":["Critique"],"inLanguage":"fr-FR","potentialAction":[{"@type":"CommentAction","name":"Comment","target":["https:\/\/emotionscinemas.fr\/bagnols-sur-ceze\/non-classe\/compostelle-critique-1-ines-verbregue-15-ans\/#respond"]}]},{"@type":"WebPage","@id":"https:\/\/emotionscinemas.fr\/bagnols-sur-ceze\/non-classe\/compostelle-critique-1-ines-verbregue-15-ans\/","url":"https:\/\/emotionscinemas.fr\/bagnols-sur-ceze\/non-classe\/compostelle-critique-1-ines-verbregue-15-ans\/","name":"Compostelle \u2014 Critique (In\u00e8s VERBR\u00c8GUE - 15 ans) - Cin\u00e9ma \u00c9motions de Bagnols-sur-C\u00e8ze","isPartOf":{"@id":"https:\/\/emotionscinemas.fr\/bagnols-sur-ceze\/#website"},"datePublished":"2026-04-13T15:58:09+00:00","dateModified":"2026-04-29T21:07:10+00:00","author":{"@id":""},"breadcrumb":{"@id":"https:\/\/emotionscinemas.fr\/bagnols-sur-ceze\/non-classe\/compostelle-critique-1-ines-verbregue-15-ans\/#breadcrumb"},"inLanguage":"fr-FR","potentialAction":[{"@type":"ReadAction","target":["https:\/\/emotionscinemas.fr\/bagnols-sur-ceze\/non-classe\/compostelle-critique-1-ines-verbregue-15-ans\/"]}]},{"@type":"BreadcrumbList","@id":"https:\/\/emotionscinemas.fr\/bagnols-sur-ceze\/non-classe\/compostelle-critique-1-ines-verbregue-15-ans\/#breadcrumb","itemListElement":[{"@type":"ListItem","position":1,"name":"Accueil","item":"https:\/\/emotionscinemas.fr\/bagnols-sur-ceze\/"},{"@type":"ListItem","position":2,"name":"Compostelle \u2014 Critique (In\u00e8s VERBR\u00c8GUE &#8211; 15 ans)"}]},{"@type":"WebSite","@id":"https:\/\/emotionscinemas.fr\/bagnols-sur-ceze\/#website","url":"https:\/\/emotionscinemas.fr\/bagnols-sur-ceze\/","name":"Cin\u00e9ma \u00c9motions de Bagnols-sur-C\u00e8ze","description":"","potentialAction":[{"@type":"SearchAction","target":{"@type":"EntryPoint","urlTemplate":"https:\/\/emotionscinemas.fr\/bagnols-sur-ceze\/?s={search_term_string}"},"query-input":{"@type":"PropertyValueSpecification","valueRequired":true,"valueName":"search_term_string"}}],"inLanguage":"fr-FR"}]}},"_links":{"self":[{"href":"https:\/\/emotionscinemas.fr\/bagnols-sur-ceze\/wp-json\/wp\/v2\/posts\/2659","targetHints":{"allow":["GET"]}}],"collection":[{"href":"https:\/\/emotionscinemas.fr\/bagnols-sur-ceze\/wp-json\/wp\/v2\/posts"}],"about":[{"href":"https:\/\/emotionscinemas.fr\/bagnols-sur-ceze\/wp-json\/wp\/v2\/types\/post"}],"replies":[{"embeddable":true,"href":"https:\/\/emotionscinemas.fr\/bagnols-sur-ceze\/wp-json\/wp\/v2\/comments?post=2659"}],"version-history":[{"count":1,"href":"https:\/\/emotionscinemas.fr\/bagnols-sur-ceze\/wp-json\/wp\/v2\/posts\/2659\/revisions"}],"predecessor-version":[{"id":2660,"href":"https:\/\/emotionscinemas.fr\/bagnols-sur-ceze\/wp-json\/wp\/v2\/posts\/2659\/revisions\/2660"}],"wp:attachment":[{"href":"https:\/\/emotionscinemas.fr\/bagnols-sur-ceze\/wp-json\/wp\/v2\/media?parent=2659"}],"wp:term":[{"taxonomy":"category","embeddable":true,"href":"https:\/\/emotionscinemas.fr\/bagnols-sur-ceze\/wp-json\/wp\/v2\/categories?post=2659"},{"taxonomy":"post_tag","embeddable":true,"href":"https:\/\/emotionscinemas.fr\/bagnols-sur-ceze\/wp-json\/wp\/v2\/tags?post=2659"}],"curies":[{"name":"wp","href":"https:\/\/api.w.org\/{rel}","templated":true}]}}