{"id":2593,"date":"2026-03-08T12:00:00","date_gmt":"2026-03-08T11:00:00","guid":{"rendered":"https:\/\/emotionscinemas.fr\/bagnols-sur-ceze\/non-classe\/le-reve-americain-critique-1-emmy-henriot-le-scour-15-ans\/"},"modified":"2026-05-01T01:09:29","modified_gmt":"2026-04-30T23:09:29","slug":"le-reve-americain-critique-1-emmy-henriot-le-scour-15-ans","status":"publish","type":"post","link":"https:\/\/emotionscinemas.fr\/bagnols-sur-ceze\/non-classe\/le-reve-americain-critique-1-emmy-henriot-le-scour-15-ans\/","title":{"rendered":"Le R\u00eave am\u00e9ricain \u2014 Critique (Emmy Henriot Le Scour &#8211; 15 ans)"},"content":{"rendered":"<section class=\"ms-crit-section\">\n<div class=\"ms-crit-wrap\">\n<p>J\u2019ai tout simplement ador\u00e9 Le r\u00eave am\u00e9ricain r\u00e9alis\u00e9 et produit par Anthony Marciano .<br \/>\nIl retrace le quotidien de Bouna et J\u00e9r\u00e9my deux jeunes fran\u00e7ais interpr\u00e9t\u00e9s par Jean-Pascal Zadi et Rapha\u00ebl Quenard qui vont se lancer dans l\u2019aventure de devenir deux agents de basketteurs. Tout au long du film les jeunes agents vont pers\u00e9v\u00e9rer afin d\u2019emmener leurs talents en NBA, mais vont-ils y parvenir ? Tir\u00e9 d\u2019une histoire vrai, le r\u00eave am\u00e9ricain est un v\u00e9ritable message d\u2019espoir et de motivation car Bouna et J\u00e9r\u00e9my ne cessent jamais de croire en leurs r\u00eaves.<\/p>\n<p class=\"ms-crit-cta\"><a href=\"https:\/\/emotionscinemas.fr\/bagnols-sur-ceze\/films\/le-reve-americain\/#horaires\">Voir les s\u00e9ances \u203a<\/a><\/p>\n<\/div>\n<\/section>\n","protected":false},"excerpt":{"rendered":"<p>J\u2019ai tout simplement ador\u00e9 Le r\u00eave am\u00e9ricain r\u00e9alis\u00e9 et produit par Anthony Marciano . Il retrace le quotidien de Bouna et J\u00e9r\u00e9my deux jeunes fran\u00e7ais interpr\u00e9t\u00e9s par Jean-Pascal Zadi et&#8230;<\/p>\n","protected":false},"author":0,"featured_media":0,"comment_status":"open","ping_status":"open","sticky":false,"template":"","format":"standard","meta":{"footnotes":""},"categories":[24,1],"tags":[],"class_list":{"0":"post-2593","1":"post","2":"type-post","3":"status-publish","4":"format-standard","6":"category-critique","7":"category-non-classe"},"yoast_head":"<!-- This site is optimized with the Yoast SEO plugin v27.2 - https:\/\/yoast.com\/product\/yoast-seo-wordpress\/ -->\n<title>Le R\u00eave am\u00e9ricain \u2014 Critique (Emmy Henriot Le Scour - 15 ans) - Cin\u00e9ma \u00c9motions de Bagnols-sur-C\u00e8ze<\/title>\n<meta name=\"robots\" content=\"index, follow, max-snippet:-1, max-image-preview:large, max-video-preview:-1\" \/>\n<link rel=\"canonical\" href=\"https:\/\/emotionscinemas.fr\/bagnols-sur-ceze\/non-classe\/le-reve-americain-critique-1-emmy-henriot-le-scour-15-ans\/\" \/>\n<meta property=\"og:locale\" content=\"fr_FR\" \/>\n<meta property=\"og:type\" content=\"article\" \/>\n<meta property=\"og:title\" content=\"Le R\u00eave am\u00e9ricain \u2014 Critique (Emmy Henriot Le Scour - 15 ans) - Cin\u00e9ma \u00c9motions de Bagnols-sur-C\u00e8ze\" \/>\n<meta property=\"og:description\" content=\"J\u2019ai tout simplement ador\u00e9 Le r\u00eave am\u00e9ricain r\u00e9alis\u00e9 et produit par Anthony Marciano . Il retrace le quotidien de Bouna et J\u00e9r\u00e9my deux jeunes fran\u00e7ais interpr\u00e9t\u00e9s par Jean-Pascal Zadi et...\" \/>\n<meta property=\"og:url\" content=\"https:\/\/emotionscinemas.fr\/bagnols-sur-ceze\/non-classe\/le-reve-americain-critique-1-emmy-henriot-le-scour-15-ans\/\" \/>\n<meta property=\"og:site_name\" content=\"Cin\u00e9ma \u00c9motions de Bagnols-sur-C\u00e8ze\" \/>\n<meta property=\"article:published_time\" content=\"2026-03-08T11:00:00+00:00\" \/>\n<meta property=\"article:modified_time\" content=\"2026-04-30T23:09:29+00:00\" \/>\n<meta name=\"twitter:card\" content=\"summary_large_image\" \/>\n<meta name=\"twitter:label1\" content=\"Dur\u00e9e de lecture estim\u00e9e\" \/>\n\t<meta name=\"twitter:data1\" content=\"1 minute\" \/>\n<script type=\"application\/ld+json\" class=\"yoast-schema-graph\">{\"@context\":\"https:\/\/schema.org\",\"@graph\":[{\"@type\":\"Article\",\"@id\":\"https:\/\/emotionscinemas.fr\/bagnols-sur-ceze\/non-classe\/le-reve-americain-critique-1-emmy-henriot-le-scour-15-ans\/#article\",\"isPartOf\":{\"@id\":\"https:\/\/emotionscinemas.fr\/bagnols-sur-ceze\/non-classe\/le-reve-americain-critique-1-emmy-henriot-le-scour-15-ans\/\"},\"author\":{\"name\":\"\",\"@id\":\"\"},\"headline\":\"Le R\u00eave am\u00e9ricain \u2014 Critique (Emmy Henriot Le Scour &#8211; 15 ans)\",\"datePublished\":\"2026-03-08T11:00:00+00:00\",\"dateModified\":\"2026-04-30T23:09:29+00:00\",\"mainEntityOfPage\":{\"@id\":\"https:\/\/emotionscinemas.fr\/bagnols-sur-ceze\/non-classe\/le-reve-americain-critique-1-emmy-henriot-le-scour-15-ans\/\"},\"wordCount\":128,\"commentCount\":0,\"articleSection\":[\"Critique\"],\"inLanguage\":\"fr-FR\",\"potentialAction\":[{\"@type\":\"CommentAction\",\"name\":\"Comment\",\"target\":[\"https:\/\/emotionscinemas.fr\/bagnols-sur-ceze\/non-classe\/le-reve-americain-critique-1-emmy-henriot-le-scour-15-ans\/#respond\"]}]},{\"@type\":\"WebPage\",\"@id\":\"https:\/\/emotionscinemas.fr\/bagnols-sur-ceze\/non-classe\/le-reve-americain-critique-1-emmy-henriot-le-scour-15-ans\/\",\"url\":\"https:\/\/emotionscinemas.fr\/bagnols-sur-ceze\/non-classe\/le-reve-americain-critique-1-emmy-henriot-le-scour-15-ans\/\",\"name\":\"Le R\u00eave am\u00e9ricain \u2014 Critique (Emmy Henriot Le Scour - 15 ans) - Cin\u00e9ma \u00c9motions de Bagnols-sur-C\u00e8ze\",\"isPartOf\":{\"@id\":\"https:\/\/emotionscinemas.fr\/bagnols-sur-ceze\/#website\"},\"datePublished\":\"2026-03-08T11:00:00+00:00\",\"dateModified\":\"2026-04-30T23:09:29+00:00\",\"author\":{\"@id\":\"\"},\"breadcrumb\":{\"@id\":\"https:\/\/emotionscinemas.fr\/bagnols-sur-ceze\/non-classe\/le-reve-americain-critique-1-emmy-henriot-le-scour-15-ans\/#breadcrumb\"},\"inLanguage\":\"fr-FR\",\"potentialAction\":[{\"@type\":\"ReadAction\",\"target\":[\"https:\/\/emotionscinemas.fr\/bagnols-sur-ceze\/non-classe\/le-reve-americain-critique-1-emmy-henriot-le-scour-15-ans\/\"]}]},{\"@type\":\"BreadcrumbList\",\"@id\":\"https:\/\/emotionscinemas.fr\/bagnols-sur-ceze\/non-classe\/le-reve-americain-critique-1-emmy-henriot-le-scour-15-ans\/#breadcrumb\",\"itemListElement\":[{\"@type\":\"ListItem\",\"position\":1,\"name\":\"Accueil\",\"item\":\"https:\/\/emotionscinemas.fr\/bagnols-sur-ceze\/\"},{\"@type\":\"ListItem\",\"position\":2,\"name\":\"Le R\u00eave am\u00e9ricain \u2014 Critique (Emmy Henriot Le Scour &#8211; 15 ans)\"}]},{\"@type\":\"WebSite\",\"@id\":\"https:\/\/emotionscinemas.fr\/bagnols-sur-ceze\/#website\",\"url\":\"https:\/\/emotionscinemas.fr\/bagnols-sur-ceze\/\",\"name\":\"Cin\u00e9ma \u00c9motions de Bagnols-sur-C\u00e8ze\",\"description\":\"\",\"potentialAction\":[{\"@type\":\"SearchAction\",\"target\":{\"@type\":\"EntryPoint\",\"urlTemplate\":\"https:\/\/emotionscinemas.fr\/bagnols-sur-ceze\/?s={search_term_string}\"},\"query-input\":{\"@type\":\"PropertyValueSpecification\",\"valueRequired\":true,\"valueName\":\"search_term_string\"}}],\"inLanguage\":\"fr-FR\"}]}<\/script>\n<!-- \/ Yoast SEO plugin. -->","yoast_head_json":{"title":"Le R\u00eave am\u00e9ricain \u2014 Critique (Emmy Henriot Le Scour - 15 ans) - Cin\u00e9ma \u00c9motions de Bagnols-sur-C\u00e8ze","robots":{"index":"index","follow":"follow","max-snippet":"max-snippet:-1","max-image-preview":"max-image-preview:large","max-video-preview":"max-video-preview:-1"},"canonical":"https:\/\/emotionscinemas.fr\/bagnols-sur-ceze\/non-classe\/le-reve-americain-critique-1-emmy-henriot-le-scour-15-ans\/","og_locale":"fr_FR","og_type":"article","og_title":"Le R\u00eave am\u00e9ricain \u2014 Critique (Emmy Henriot Le Scour - 15 ans) - Cin\u00e9ma \u00c9motions de Bagnols-sur-C\u00e8ze","og_description":"J\u2019ai tout simplement ador\u00e9 Le r\u00eave am\u00e9ricain r\u00e9alis\u00e9 et produit par Anthony Marciano . Il retrace le quotidien de Bouna et J\u00e9r\u00e9my deux jeunes fran\u00e7ais interpr\u00e9t\u00e9s par Jean-Pascal Zadi et...","og_url":"https:\/\/emotionscinemas.fr\/bagnols-sur-ceze\/non-classe\/le-reve-americain-critique-1-emmy-henriot-le-scour-15-ans\/","og_site_name":"Cin\u00e9ma \u00c9motions de Bagnols-sur-C\u00e8ze","article_published_time":"2026-03-08T11:00:00+00:00","article_modified_time":"2026-04-30T23:09:29+00:00","twitter_card":"summary_large_image","twitter_misc":{"Dur\u00e9e de lecture estim\u00e9e":"1 minute"},"schema":{"@context":"https:\/\/schema.org","@graph":[{"@type":"Article","@id":"https:\/\/emotionscinemas.fr\/bagnols-sur-ceze\/non-classe\/le-reve-americain-critique-1-emmy-henriot-le-scour-15-ans\/#article","isPartOf":{"@id":"https:\/\/emotionscinemas.fr\/bagnols-sur-ceze\/non-classe\/le-reve-americain-critique-1-emmy-henriot-le-scour-15-ans\/"},"author":{"name":"","@id":""},"headline":"Le R\u00eave am\u00e9ricain \u2014 Critique (Emmy Henriot Le Scour &#8211; 15 ans)","datePublished":"2026-03-08T11:00:00+00:00","dateModified":"2026-04-30T23:09:29+00:00","mainEntityOfPage":{"@id":"https:\/\/emotionscinemas.fr\/bagnols-sur-ceze\/non-classe\/le-reve-americain-critique-1-emmy-henriot-le-scour-15-ans\/"},"wordCount":128,"commentCount":0,"articleSection":["Critique"],"inLanguage":"fr-FR","potentialAction":[{"@type":"CommentAction","name":"Comment","target":["https:\/\/emotionscinemas.fr\/bagnols-sur-ceze\/non-classe\/le-reve-americain-critique-1-emmy-henriot-le-scour-15-ans\/#respond"]}]},{"@type":"WebPage","@id":"https:\/\/emotionscinemas.fr\/bagnols-sur-ceze\/non-classe\/le-reve-americain-critique-1-emmy-henriot-le-scour-15-ans\/","url":"https:\/\/emotionscinemas.fr\/bagnols-sur-ceze\/non-classe\/le-reve-americain-critique-1-emmy-henriot-le-scour-15-ans\/","name":"Le R\u00eave am\u00e9ricain \u2014 Critique (Emmy Henriot Le Scour - 15 ans) - Cin\u00e9ma \u00c9motions de Bagnols-sur-C\u00e8ze","isPartOf":{"@id":"https:\/\/emotionscinemas.fr\/bagnols-sur-ceze\/#website"},"datePublished":"2026-03-08T11:00:00+00:00","dateModified":"2026-04-30T23:09:29+00:00","author":{"@id":""},"breadcrumb":{"@id":"https:\/\/emotionscinemas.fr\/bagnols-sur-ceze\/non-classe\/le-reve-americain-critique-1-emmy-henriot-le-scour-15-ans\/#breadcrumb"},"inLanguage":"fr-FR","potentialAction":[{"@type":"ReadAction","target":["https:\/\/emotionscinemas.fr\/bagnols-sur-ceze\/non-classe\/le-reve-americain-critique-1-emmy-henriot-le-scour-15-ans\/"]}]},{"@type":"BreadcrumbList","@id":"https:\/\/emotionscinemas.fr\/bagnols-sur-ceze\/non-classe\/le-reve-americain-critique-1-emmy-henriot-le-scour-15-ans\/#breadcrumb","itemListElement":[{"@type":"ListItem","position":1,"name":"Accueil","item":"https:\/\/emotionscinemas.fr\/bagnols-sur-ceze\/"},{"@type":"ListItem","position":2,"name":"Le R\u00eave am\u00e9ricain \u2014 Critique (Emmy Henriot Le Scour &#8211; 15 ans)"}]},{"@type":"WebSite","@id":"https:\/\/emotionscinemas.fr\/bagnols-sur-ceze\/#website","url":"https:\/\/emotionscinemas.fr\/bagnols-sur-ceze\/","name":"Cin\u00e9ma \u00c9motions de Bagnols-sur-C\u00e8ze","description":"","potentialAction":[{"@type":"SearchAction","target":{"@type":"EntryPoint","urlTemplate":"https:\/\/emotionscinemas.fr\/bagnols-sur-ceze\/?s={search_term_string}"},"query-input":{"@type":"PropertyValueSpecification","valueRequired":true,"valueName":"search_term_string"}}],"inLanguage":"fr-FR"}]}},"_links":{"self":[{"href":"https:\/\/emotionscinemas.fr\/bagnols-sur-ceze\/wp-json\/wp\/v2\/posts\/2593","targetHints":{"allow":["GET"]}}],"collection":[{"href":"https:\/\/emotionscinemas.fr\/bagnols-sur-ceze\/wp-json\/wp\/v2\/posts"}],"about":[{"href":"https:\/\/emotionscinemas.fr\/bagnols-sur-ceze\/wp-json\/wp\/v2\/types\/post"}],"replies":[{"embeddable":true,"href":"https:\/\/emotionscinemas.fr\/bagnols-sur-ceze\/wp-json\/wp\/v2\/comments?post=2593"}],"version-history":[{"count":1,"href":"https:\/\/emotionscinemas.fr\/bagnols-sur-ceze\/wp-json\/wp\/v2\/posts\/2593\/revisions"}],"predecessor-version":[{"id":2594,"href":"https:\/\/emotionscinemas.fr\/bagnols-sur-ceze\/wp-json\/wp\/v2\/posts\/2593\/revisions\/2594"}],"wp:attachment":[{"href":"https:\/\/emotionscinemas.fr\/bagnols-sur-ceze\/wp-json\/wp\/v2\/media?parent=2593"}],"wp:term":[{"taxonomy":"category","embeddable":true,"href":"https:\/\/emotionscinemas.fr\/bagnols-sur-ceze\/wp-json\/wp\/v2\/categories?post=2593"},{"taxonomy":"post_tag","embeddable":true,"href":"https:\/\/emotionscinemas.fr\/bagnols-sur-ceze\/wp-json\/wp\/v2\/tags?post=2593"}],"curies":[{"name":"wp","href":"https:\/\/api.w.org\/{rel}","templated":true}]}}