{"id":2591,"date":"2026-04-04T13:05:08","date_gmt":"2026-04-04T11:05:08","guid":{"rendered":"https:\/\/emotionscinemas.fr\/bagnols-sur-ceze\/non-classe\/plus-fort-que-moi-critique-1-ines-verbregue-15-ans\/"},"modified":"2026-04-29T23:51:46","modified_gmt":"2026-04-29T21:51:46","slug":"plus-fort-que-moi-critique-1-ines-verbregue-15-ans","status":"publish","type":"post","link":"https:\/\/emotionscinemas.fr\/bagnols-sur-ceze\/non-classe\/plus-fort-que-moi-critique-1-ines-verbregue-15-ans\/","title":{"rendered":"Plus fort que moi \u2014 Critique (In\u00e8s VERBR\u00c8GUE &#8211; 15 ans)"},"content":{"rendered":"<section class=\"ms-crit-section\">\n<div class=\"ms-crit-wrap\">\n<p>Dans les ann\u00e9es 1980, John Davidson grandit avec le syndrome de Gilles de la Tourette. Inspir\u00e9 d\u2019une histoire vraie.<br \/>\n\u201cPlus fort que moi (I swear)\u00a0\u00bb r\u00e9alis\u00e9 par Kirk Jones (II) ou l\u2019acteur principal Robert Aramayo a re\u00e7u le troph\u00e9e du meilleur acteur. On suit l\u2019histoire de John Davidson un petit gar\u00e7on qui d\u00e9clare le syndrome de Gilles de la Tourette dans des ann\u00e9es o\u00f9 cela reste tr\u00e8s m\u00e9connue.<br \/>\nC\u2019est une sensibilisation car encore maintenait beaucoup de personne ne sont pas conscient que par des moqueries ils peuvent empirer les choses comme nous la soulign\u00e9 la docteure \u00e0 la fin de la projection : \u201cle plus dur n\u2019est pas souvent le syndrome mais le regard des gens\u201d.<br \/>\nJ\u2019ai trouv\u00e9 ce film tr\u00e8s touchant parce qu\u2019on comprend vraiment ce qu\u2019il ressent et la duret\u00e9 que c\u2019est d\u2019avoir une vie \u201cnormale\u201d quand beaucoup de gens le voient comme un fou et que m\u00eame sa famille a du mal a l\u2019accepter.<\/p>\n<p class=\"ms-crit-cta\"><a href=\"https:\/\/emotionscinemas.fr\/bagnols-sur-ceze\/films\/plus-fort-que-moi\/#horaires\">Voir les s\u00e9ances \u203a<\/a><\/p>\n<\/div>\n<\/section>\n","protected":false},"excerpt":{"rendered":"<p>Dans les ann\u00e9es 1980, John Davidson grandit avec le syndrome de Gilles de la Tourette. Inspir\u00e9 d\u2019une histoire vraie. \u201cPlus fort que moi (I swear)\u00a0\u00bb r\u00e9alis\u00e9 par Kirk Jones (II)&#8230;<\/p>\n","protected":false},"author":0,"featured_media":0,"comment_status":"open","ping_status":"open","sticky":false,"template":"","format":"standard","meta":{"footnotes":""},"categories":[24,1],"tags":[],"class_list":{"0":"post-2591","1":"post","2":"type-post","3":"status-publish","4":"format-standard","6":"category-critique","7":"category-non-classe"},"yoast_head":"<!-- This site is optimized with the Yoast SEO plugin v27.2 - https:\/\/yoast.com\/product\/yoast-seo-wordpress\/ -->\n<title>Plus fort que moi \u2014 Critique (In\u00e8s VERBR\u00c8GUE - 15 ans) - Cin\u00e9ma \u00c9motions de Bagnols-sur-C\u00e8ze<\/title>\n<meta name=\"robots\" content=\"index, follow, max-snippet:-1, max-image-preview:large, max-video-preview:-1\" \/>\n<link rel=\"canonical\" href=\"https:\/\/emotionscinemas.fr\/bagnols-sur-ceze\/non-classe\/plus-fort-que-moi-critique-1-ines-verbregue-15-ans\/\" \/>\n<meta property=\"og:locale\" content=\"fr_FR\" \/>\n<meta property=\"og:type\" content=\"article\" \/>\n<meta property=\"og:title\" content=\"Plus fort que moi \u2014 Critique (In\u00e8s VERBR\u00c8GUE - 15 ans) - Cin\u00e9ma \u00c9motions de Bagnols-sur-C\u00e8ze\" \/>\n<meta property=\"og:description\" content=\"Dans les ann\u00e9es 1980, John Davidson grandit avec le syndrome de Gilles de la Tourette. Inspir\u00e9 d\u2019une histoire vraie. \u201cPlus fort que moi (I swear)\u00a0\u00bb r\u00e9alis\u00e9 par Kirk Jones (II)...\" \/>\n<meta property=\"og:url\" content=\"https:\/\/emotionscinemas.fr\/bagnols-sur-ceze\/non-classe\/plus-fort-que-moi-critique-1-ines-verbregue-15-ans\/\" \/>\n<meta property=\"og:site_name\" content=\"Cin\u00e9ma \u00c9motions de Bagnols-sur-C\u00e8ze\" \/>\n<meta property=\"article:published_time\" content=\"2026-04-04T11:05:08+00:00\" \/>\n<meta property=\"article:modified_time\" content=\"2026-04-29T21:51:46+00:00\" \/>\n<meta name=\"twitter:card\" content=\"summary_large_image\" \/>\n<meta name=\"twitter:label1\" content=\"Dur\u00e9e de lecture estim\u00e9e\" \/>\n\t<meta name=\"twitter:data1\" content=\"1 minute\" \/>\n<script type=\"application\/ld+json\" class=\"yoast-schema-graph\">{\"@context\":\"https:\/\/schema.org\",\"@graph\":[{\"@type\":\"Article\",\"@id\":\"https:\/\/emotionscinemas.fr\/bagnols-sur-ceze\/non-classe\/plus-fort-que-moi-critique-1-ines-verbregue-15-ans\/#article\",\"isPartOf\":{\"@id\":\"https:\/\/emotionscinemas.fr\/bagnols-sur-ceze\/non-classe\/plus-fort-que-moi-critique-1-ines-verbregue-15-ans\/\"},\"author\":{\"name\":\"\",\"@id\":\"\"},\"headline\":\"Plus fort que moi \u2014 Critique (In\u00e8s VERBR\u00c8GUE &#8211; 15 ans)\",\"datePublished\":\"2026-04-04T11:05:08+00:00\",\"dateModified\":\"2026-04-29T21:51:46+00:00\",\"mainEntityOfPage\":{\"@id\":\"https:\/\/emotionscinemas.fr\/bagnols-sur-ceze\/non-classe\/plus-fort-que-moi-critique-1-ines-verbregue-15-ans\/\"},\"wordCount\":191,\"commentCount\":0,\"articleSection\":[\"Critique\"],\"inLanguage\":\"fr-FR\",\"potentialAction\":[{\"@type\":\"CommentAction\",\"name\":\"Comment\",\"target\":[\"https:\/\/emotionscinemas.fr\/bagnols-sur-ceze\/non-classe\/plus-fort-que-moi-critique-1-ines-verbregue-15-ans\/#respond\"]}]},{\"@type\":\"WebPage\",\"@id\":\"https:\/\/emotionscinemas.fr\/bagnols-sur-ceze\/non-classe\/plus-fort-que-moi-critique-1-ines-verbregue-15-ans\/\",\"url\":\"https:\/\/emotionscinemas.fr\/bagnols-sur-ceze\/non-classe\/plus-fort-que-moi-critique-1-ines-verbregue-15-ans\/\",\"name\":\"Plus fort que moi \u2014 Critique (In\u00e8s VERBR\u00c8GUE - 15 ans) - Cin\u00e9ma \u00c9motions de Bagnols-sur-C\u00e8ze\",\"isPartOf\":{\"@id\":\"https:\/\/emotionscinemas.fr\/bagnols-sur-ceze\/#website\"},\"datePublished\":\"2026-04-04T11:05:08+00:00\",\"dateModified\":\"2026-04-29T21:51:46+00:00\",\"author\":{\"@id\":\"\"},\"breadcrumb\":{\"@id\":\"https:\/\/emotionscinemas.fr\/bagnols-sur-ceze\/non-classe\/plus-fort-que-moi-critique-1-ines-verbregue-15-ans\/#breadcrumb\"},\"inLanguage\":\"fr-FR\",\"potentialAction\":[{\"@type\":\"ReadAction\",\"target\":[\"https:\/\/emotionscinemas.fr\/bagnols-sur-ceze\/non-classe\/plus-fort-que-moi-critique-1-ines-verbregue-15-ans\/\"]}]},{\"@type\":\"BreadcrumbList\",\"@id\":\"https:\/\/emotionscinemas.fr\/bagnols-sur-ceze\/non-classe\/plus-fort-que-moi-critique-1-ines-verbregue-15-ans\/#breadcrumb\",\"itemListElement\":[{\"@type\":\"ListItem\",\"position\":1,\"name\":\"Accueil\",\"item\":\"https:\/\/emotionscinemas.fr\/bagnols-sur-ceze\/\"},{\"@type\":\"ListItem\",\"position\":2,\"name\":\"Plus fort que moi \u2014 Critique (In\u00e8s VERBR\u00c8GUE &#8211; 15 ans)\"}]},{\"@type\":\"WebSite\",\"@id\":\"https:\/\/emotionscinemas.fr\/bagnols-sur-ceze\/#website\",\"url\":\"https:\/\/emotionscinemas.fr\/bagnols-sur-ceze\/\",\"name\":\"Cin\u00e9ma \u00c9motions de Bagnols-sur-C\u00e8ze\",\"description\":\"\",\"potentialAction\":[{\"@type\":\"SearchAction\",\"target\":{\"@type\":\"EntryPoint\",\"urlTemplate\":\"https:\/\/emotionscinemas.fr\/bagnols-sur-ceze\/?s={search_term_string}\"},\"query-input\":{\"@type\":\"PropertyValueSpecification\",\"valueRequired\":true,\"valueName\":\"search_term_string\"}}],\"inLanguage\":\"fr-FR\"}]}<\/script>\n<!-- \/ Yoast SEO plugin. -->","yoast_head_json":{"title":"Plus fort que moi \u2014 Critique (In\u00e8s VERBR\u00c8GUE - 15 ans) - Cin\u00e9ma \u00c9motions de Bagnols-sur-C\u00e8ze","robots":{"index":"index","follow":"follow","max-snippet":"max-snippet:-1","max-image-preview":"max-image-preview:large","max-video-preview":"max-video-preview:-1"},"canonical":"https:\/\/emotionscinemas.fr\/bagnols-sur-ceze\/non-classe\/plus-fort-que-moi-critique-1-ines-verbregue-15-ans\/","og_locale":"fr_FR","og_type":"article","og_title":"Plus fort que moi \u2014 Critique (In\u00e8s VERBR\u00c8GUE - 15 ans) - Cin\u00e9ma \u00c9motions de Bagnols-sur-C\u00e8ze","og_description":"Dans les ann\u00e9es 1980, John Davidson grandit avec le syndrome de Gilles de la Tourette. Inspir\u00e9 d\u2019une histoire vraie. \u201cPlus fort que moi (I swear)\u00a0\u00bb r\u00e9alis\u00e9 par Kirk Jones (II)...","og_url":"https:\/\/emotionscinemas.fr\/bagnols-sur-ceze\/non-classe\/plus-fort-que-moi-critique-1-ines-verbregue-15-ans\/","og_site_name":"Cin\u00e9ma \u00c9motions de Bagnols-sur-C\u00e8ze","article_published_time":"2026-04-04T11:05:08+00:00","article_modified_time":"2026-04-29T21:51:46+00:00","twitter_card":"summary_large_image","twitter_misc":{"Dur\u00e9e de lecture estim\u00e9e":"1 minute"},"schema":{"@context":"https:\/\/schema.org","@graph":[{"@type":"Article","@id":"https:\/\/emotionscinemas.fr\/bagnols-sur-ceze\/non-classe\/plus-fort-que-moi-critique-1-ines-verbregue-15-ans\/#article","isPartOf":{"@id":"https:\/\/emotionscinemas.fr\/bagnols-sur-ceze\/non-classe\/plus-fort-que-moi-critique-1-ines-verbregue-15-ans\/"},"author":{"name":"","@id":""},"headline":"Plus fort que moi \u2014 Critique (In\u00e8s VERBR\u00c8GUE &#8211; 15 ans)","datePublished":"2026-04-04T11:05:08+00:00","dateModified":"2026-04-29T21:51:46+00:00","mainEntityOfPage":{"@id":"https:\/\/emotionscinemas.fr\/bagnols-sur-ceze\/non-classe\/plus-fort-que-moi-critique-1-ines-verbregue-15-ans\/"},"wordCount":191,"commentCount":0,"articleSection":["Critique"],"inLanguage":"fr-FR","potentialAction":[{"@type":"CommentAction","name":"Comment","target":["https:\/\/emotionscinemas.fr\/bagnols-sur-ceze\/non-classe\/plus-fort-que-moi-critique-1-ines-verbregue-15-ans\/#respond"]}]},{"@type":"WebPage","@id":"https:\/\/emotionscinemas.fr\/bagnols-sur-ceze\/non-classe\/plus-fort-que-moi-critique-1-ines-verbregue-15-ans\/","url":"https:\/\/emotionscinemas.fr\/bagnols-sur-ceze\/non-classe\/plus-fort-que-moi-critique-1-ines-verbregue-15-ans\/","name":"Plus fort que moi \u2014 Critique (In\u00e8s VERBR\u00c8GUE - 15 ans) - Cin\u00e9ma \u00c9motions de Bagnols-sur-C\u00e8ze","isPartOf":{"@id":"https:\/\/emotionscinemas.fr\/bagnols-sur-ceze\/#website"},"datePublished":"2026-04-04T11:05:08+00:00","dateModified":"2026-04-29T21:51:46+00:00","author":{"@id":""},"breadcrumb":{"@id":"https:\/\/emotionscinemas.fr\/bagnols-sur-ceze\/non-classe\/plus-fort-que-moi-critique-1-ines-verbregue-15-ans\/#breadcrumb"},"inLanguage":"fr-FR","potentialAction":[{"@type":"ReadAction","target":["https:\/\/emotionscinemas.fr\/bagnols-sur-ceze\/non-classe\/plus-fort-que-moi-critique-1-ines-verbregue-15-ans\/"]}]},{"@type":"BreadcrumbList","@id":"https:\/\/emotionscinemas.fr\/bagnols-sur-ceze\/non-classe\/plus-fort-que-moi-critique-1-ines-verbregue-15-ans\/#breadcrumb","itemListElement":[{"@type":"ListItem","position":1,"name":"Accueil","item":"https:\/\/emotionscinemas.fr\/bagnols-sur-ceze\/"},{"@type":"ListItem","position":2,"name":"Plus fort que moi \u2014 Critique (In\u00e8s VERBR\u00c8GUE &#8211; 15 ans)"}]},{"@type":"WebSite","@id":"https:\/\/emotionscinemas.fr\/bagnols-sur-ceze\/#website","url":"https:\/\/emotionscinemas.fr\/bagnols-sur-ceze\/","name":"Cin\u00e9ma \u00c9motions de Bagnols-sur-C\u00e8ze","description":"","potentialAction":[{"@type":"SearchAction","target":{"@type":"EntryPoint","urlTemplate":"https:\/\/emotionscinemas.fr\/bagnols-sur-ceze\/?s={search_term_string}"},"query-input":{"@type":"PropertyValueSpecification","valueRequired":true,"valueName":"search_term_string"}}],"inLanguage":"fr-FR"}]}},"_links":{"self":[{"href":"https:\/\/emotionscinemas.fr\/bagnols-sur-ceze\/wp-json\/wp\/v2\/posts\/2591","targetHints":{"allow":["GET"]}}],"collection":[{"href":"https:\/\/emotionscinemas.fr\/bagnols-sur-ceze\/wp-json\/wp\/v2\/posts"}],"about":[{"href":"https:\/\/emotionscinemas.fr\/bagnols-sur-ceze\/wp-json\/wp\/v2\/types\/post"}],"replies":[{"embeddable":true,"href":"https:\/\/emotionscinemas.fr\/bagnols-sur-ceze\/wp-json\/wp\/v2\/comments?post=2591"}],"version-history":[{"count":1,"href":"https:\/\/emotionscinemas.fr\/bagnols-sur-ceze\/wp-json\/wp\/v2\/posts\/2591\/revisions"}],"predecessor-version":[{"id":2592,"href":"https:\/\/emotionscinemas.fr\/bagnols-sur-ceze\/wp-json\/wp\/v2\/posts\/2591\/revisions\/2592"}],"wp:attachment":[{"href":"https:\/\/emotionscinemas.fr\/bagnols-sur-ceze\/wp-json\/wp\/v2\/media?parent=2591"}],"wp:term":[{"taxonomy":"category","embeddable":true,"href":"https:\/\/emotionscinemas.fr\/bagnols-sur-ceze\/wp-json\/wp\/v2\/categories?post=2591"},{"taxonomy":"post_tag","embeddable":true,"href":"https:\/\/emotionscinemas.fr\/bagnols-sur-ceze\/wp-json\/wp\/v2\/tags?post=2591"}],"curies":[{"name":"wp","href":"https:\/\/api.w.org\/{rel}","templated":true}]}}