{"id":2589,"date":"2026-03-30T12:00:00","date_gmt":"2026-03-30T10:00:00","guid":{"rendered":"https:\/\/emotionscinemas.fr\/bagnols-sur-ceze\/non-classe\/vivaldi-et-moi-critique-1-ines-verbregue-15-ans\/"},"modified":"2026-04-30T01:02:24","modified_gmt":"2026-04-29T23:02:24","slug":"vivaldi-et-moi-critique-1-ines-verbregue-15-ans","status":"publish","type":"post","link":"https:\/\/emotionscinemas.fr\/bagnols-sur-ceze\/non-classe\/vivaldi-et-moi-critique-1-ines-verbregue-15-ans\/","title":{"rendered":"Vivaldi et moi \u2014 Critique (In\u00e8s Verbregue  &#8211; 15 ans)"},"content":{"rendered":"<section class=\"ms-crit-section\">\n<div class=\"ms-crit-wrap\">\n<p>Au XVIII\u1d49 si\u00e8cle, l&rsquo;Ospedale della Pieta \u00e0 Venise recueille des jeunes orphelines et les forment \u00e0 la musique. Masqu\u00e9es du public, elles jouent pour des bourgeois. C\u00e9cilia, une violoniste se fait rep\u00e9rer par le nouveau ma\u00eetre de musique, Antonio Vivaldi.<br \/>\nL\u2019expressivit\u00e9 des acteurs et la colorim\u00e9trie met toujours la musique en evidence. Les personnages ont tous une histoire ce qui les rend ind\u00e9pendants de chaqun. Mais on a, \u00e0 la fois une certaine solidarit\u00e9 entre ces filles par leur passion commune et leur pass\u00e9 dans \u201cl\u2019orphelinat\u201d. C\u2019est aussi une \u00e9poque o\u00f9 les femmes avaient tr\u00e8s peu de libert\u00e9 d\u2019expressions ce qui rend le personnage de C\u00e9cilia (en particulier) tr\u00e8s int\u00e9ressant dans ses choix. Pour moi ce film fait ressortir un amour musical profond, presque destructeur.<br \/>\nIl m\u2019a appris sur la musique et l\u2019histoire de Vivaldi, mais je pense que certaines sc\u00e8nes manquent de profondeur pour me plonger \u00e0 cent pour cent dedans.<\/p>\n<p class=\"ms-crit-cta\"><a href=\"https:\/\/emotionscinemas.fr\/bagnols-sur-ceze\/films\/vivaldi-et-moi\/#horaires\">Voir les s\u00e9ances \u203a<\/a><\/p>\n<\/div>\n<\/section>\n","protected":false},"excerpt":{"rendered":"<p>Au XVIII\u1d49 si\u00e8cle, l&rsquo;Ospedale della Pieta \u00e0 Venise recueille des jeunes orphelines et les forment \u00e0 la musique. Masqu\u00e9es du public, elles jouent pour des bourgeois. C\u00e9cilia, une violoniste se&#8230;<\/p>\n","protected":false},"author":0,"featured_media":0,"comment_status":"open","ping_status":"open","sticky":false,"template":"","format":"standard","meta":{"footnotes":""},"categories":[24,1],"tags":[],"class_list":{"0":"post-2589","1":"post","2":"type-post","3":"status-publish","4":"format-standard","6":"category-critique","7":"category-non-classe"},"yoast_head":"<!-- This site is optimized with the Yoast SEO plugin v27.2 - https:\/\/yoast.com\/product\/yoast-seo-wordpress\/ -->\n<title>Vivaldi et moi \u2014 Critique (In\u00e8s Verbregue - 15 ans) - Cin\u00e9ma \u00c9motions de Bagnols-sur-C\u00e8ze<\/title>\n<meta name=\"robots\" content=\"index, follow, max-snippet:-1, max-image-preview:large, max-video-preview:-1\" \/>\n<link rel=\"canonical\" href=\"https:\/\/emotionscinemas.fr\/bagnols-sur-ceze\/non-classe\/vivaldi-et-moi-critique-1-ines-verbregue-15-ans\/\" \/>\n<meta property=\"og:locale\" content=\"fr_FR\" \/>\n<meta property=\"og:type\" content=\"article\" \/>\n<meta property=\"og:title\" content=\"Vivaldi et moi \u2014 Critique (In\u00e8s Verbregue - 15 ans) - Cin\u00e9ma \u00c9motions de Bagnols-sur-C\u00e8ze\" \/>\n<meta property=\"og:description\" content=\"Au XVIII\u1d49 si\u00e8cle, l&rsquo;Ospedale della Pieta \u00e0 Venise recueille des jeunes orphelines et les forment \u00e0 la musique. Masqu\u00e9es du public, elles jouent pour des bourgeois. C\u00e9cilia, une violoniste se...\" \/>\n<meta property=\"og:url\" content=\"https:\/\/emotionscinemas.fr\/bagnols-sur-ceze\/non-classe\/vivaldi-et-moi-critique-1-ines-verbregue-15-ans\/\" \/>\n<meta property=\"og:site_name\" content=\"Cin\u00e9ma \u00c9motions de Bagnols-sur-C\u00e8ze\" \/>\n<meta property=\"article:published_time\" content=\"2026-03-30T10:00:00+00:00\" \/>\n<meta property=\"article:modified_time\" content=\"2026-04-29T23:02:24+00:00\" \/>\n<meta name=\"twitter:card\" content=\"summary_large_image\" \/>\n<meta name=\"twitter:label1\" content=\"Dur\u00e9e de lecture estim\u00e9e\" \/>\n\t<meta name=\"twitter:data1\" content=\"1 minute\" \/>\n<script type=\"application\/ld+json\" class=\"yoast-schema-graph\">{\"@context\":\"https:\/\/schema.org\",\"@graph\":[{\"@type\":\"Article\",\"@id\":\"https:\/\/emotionscinemas.fr\/bagnols-sur-ceze\/non-classe\/vivaldi-et-moi-critique-1-ines-verbregue-15-ans\/#article\",\"isPartOf\":{\"@id\":\"https:\/\/emotionscinemas.fr\/bagnols-sur-ceze\/non-classe\/vivaldi-et-moi-critique-1-ines-verbregue-15-ans\/\"},\"author\":{\"name\":\"\",\"@id\":\"\"},\"headline\":\"Vivaldi et moi \u2014 Critique (In\u00e8s Verbregue &#8211; 15 ans)\",\"datePublished\":\"2026-03-30T10:00:00+00:00\",\"dateModified\":\"2026-04-29T23:02:24+00:00\",\"mainEntityOfPage\":{\"@id\":\"https:\/\/emotionscinemas.fr\/bagnols-sur-ceze\/non-classe\/vivaldi-et-moi-critique-1-ines-verbregue-15-ans\/\"},\"wordCount\":180,\"commentCount\":0,\"articleSection\":[\"Critique\"],\"inLanguage\":\"fr-FR\",\"potentialAction\":[{\"@type\":\"CommentAction\",\"name\":\"Comment\",\"target\":[\"https:\/\/emotionscinemas.fr\/bagnols-sur-ceze\/non-classe\/vivaldi-et-moi-critique-1-ines-verbregue-15-ans\/#respond\"]}]},{\"@type\":\"WebPage\",\"@id\":\"https:\/\/emotionscinemas.fr\/bagnols-sur-ceze\/non-classe\/vivaldi-et-moi-critique-1-ines-verbregue-15-ans\/\",\"url\":\"https:\/\/emotionscinemas.fr\/bagnols-sur-ceze\/non-classe\/vivaldi-et-moi-critique-1-ines-verbregue-15-ans\/\",\"name\":\"Vivaldi et moi \u2014 Critique (In\u00e8s Verbregue - 15 ans) - Cin\u00e9ma \u00c9motions de Bagnols-sur-C\u00e8ze\",\"isPartOf\":{\"@id\":\"https:\/\/emotionscinemas.fr\/bagnols-sur-ceze\/#website\"},\"datePublished\":\"2026-03-30T10:00:00+00:00\",\"dateModified\":\"2026-04-29T23:02:24+00:00\",\"author\":{\"@id\":\"\"},\"breadcrumb\":{\"@id\":\"https:\/\/emotionscinemas.fr\/bagnols-sur-ceze\/non-classe\/vivaldi-et-moi-critique-1-ines-verbregue-15-ans\/#breadcrumb\"},\"inLanguage\":\"fr-FR\",\"potentialAction\":[{\"@type\":\"ReadAction\",\"target\":[\"https:\/\/emotionscinemas.fr\/bagnols-sur-ceze\/non-classe\/vivaldi-et-moi-critique-1-ines-verbregue-15-ans\/\"]}]},{\"@type\":\"BreadcrumbList\",\"@id\":\"https:\/\/emotionscinemas.fr\/bagnols-sur-ceze\/non-classe\/vivaldi-et-moi-critique-1-ines-verbregue-15-ans\/#breadcrumb\",\"itemListElement\":[{\"@type\":\"ListItem\",\"position\":1,\"name\":\"Accueil\",\"item\":\"https:\/\/emotionscinemas.fr\/bagnols-sur-ceze\/\"},{\"@type\":\"ListItem\",\"position\":2,\"name\":\"Vivaldi et moi \u2014 Critique (In\u00e8s Verbregue &#8211; 15 ans)\"}]},{\"@type\":\"WebSite\",\"@id\":\"https:\/\/emotionscinemas.fr\/bagnols-sur-ceze\/#website\",\"url\":\"https:\/\/emotionscinemas.fr\/bagnols-sur-ceze\/\",\"name\":\"Cin\u00e9ma \u00c9motions de Bagnols-sur-C\u00e8ze\",\"description\":\"\",\"potentialAction\":[{\"@type\":\"SearchAction\",\"target\":{\"@type\":\"EntryPoint\",\"urlTemplate\":\"https:\/\/emotionscinemas.fr\/bagnols-sur-ceze\/?s={search_term_string}\"},\"query-input\":{\"@type\":\"PropertyValueSpecification\",\"valueRequired\":true,\"valueName\":\"search_term_string\"}}],\"inLanguage\":\"fr-FR\"}]}<\/script>\n<!-- \/ Yoast SEO plugin. -->","yoast_head_json":{"title":"Vivaldi et moi \u2014 Critique (In\u00e8s Verbregue - 15 ans) - Cin\u00e9ma \u00c9motions de Bagnols-sur-C\u00e8ze","robots":{"index":"index","follow":"follow","max-snippet":"max-snippet:-1","max-image-preview":"max-image-preview:large","max-video-preview":"max-video-preview:-1"},"canonical":"https:\/\/emotionscinemas.fr\/bagnols-sur-ceze\/non-classe\/vivaldi-et-moi-critique-1-ines-verbregue-15-ans\/","og_locale":"fr_FR","og_type":"article","og_title":"Vivaldi et moi \u2014 Critique (In\u00e8s Verbregue - 15 ans) - Cin\u00e9ma \u00c9motions de Bagnols-sur-C\u00e8ze","og_description":"Au XVIII\u1d49 si\u00e8cle, l&rsquo;Ospedale della Pieta \u00e0 Venise recueille des jeunes orphelines et les forment \u00e0 la musique. Masqu\u00e9es du public, elles jouent pour des bourgeois. C\u00e9cilia, une violoniste se...","og_url":"https:\/\/emotionscinemas.fr\/bagnols-sur-ceze\/non-classe\/vivaldi-et-moi-critique-1-ines-verbregue-15-ans\/","og_site_name":"Cin\u00e9ma \u00c9motions de Bagnols-sur-C\u00e8ze","article_published_time":"2026-03-30T10:00:00+00:00","article_modified_time":"2026-04-29T23:02:24+00:00","twitter_card":"summary_large_image","twitter_misc":{"Dur\u00e9e de lecture estim\u00e9e":"1 minute"},"schema":{"@context":"https:\/\/schema.org","@graph":[{"@type":"Article","@id":"https:\/\/emotionscinemas.fr\/bagnols-sur-ceze\/non-classe\/vivaldi-et-moi-critique-1-ines-verbregue-15-ans\/#article","isPartOf":{"@id":"https:\/\/emotionscinemas.fr\/bagnols-sur-ceze\/non-classe\/vivaldi-et-moi-critique-1-ines-verbregue-15-ans\/"},"author":{"name":"","@id":""},"headline":"Vivaldi et moi \u2014 Critique (In\u00e8s Verbregue &#8211; 15 ans)","datePublished":"2026-03-30T10:00:00+00:00","dateModified":"2026-04-29T23:02:24+00:00","mainEntityOfPage":{"@id":"https:\/\/emotionscinemas.fr\/bagnols-sur-ceze\/non-classe\/vivaldi-et-moi-critique-1-ines-verbregue-15-ans\/"},"wordCount":180,"commentCount":0,"articleSection":["Critique"],"inLanguage":"fr-FR","potentialAction":[{"@type":"CommentAction","name":"Comment","target":["https:\/\/emotionscinemas.fr\/bagnols-sur-ceze\/non-classe\/vivaldi-et-moi-critique-1-ines-verbregue-15-ans\/#respond"]}]},{"@type":"WebPage","@id":"https:\/\/emotionscinemas.fr\/bagnols-sur-ceze\/non-classe\/vivaldi-et-moi-critique-1-ines-verbregue-15-ans\/","url":"https:\/\/emotionscinemas.fr\/bagnols-sur-ceze\/non-classe\/vivaldi-et-moi-critique-1-ines-verbregue-15-ans\/","name":"Vivaldi et moi \u2014 Critique (In\u00e8s Verbregue - 15 ans) - Cin\u00e9ma \u00c9motions de Bagnols-sur-C\u00e8ze","isPartOf":{"@id":"https:\/\/emotionscinemas.fr\/bagnols-sur-ceze\/#website"},"datePublished":"2026-03-30T10:00:00+00:00","dateModified":"2026-04-29T23:02:24+00:00","author":{"@id":""},"breadcrumb":{"@id":"https:\/\/emotionscinemas.fr\/bagnols-sur-ceze\/non-classe\/vivaldi-et-moi-critique-1-ines-verbregue-15-ans\/#breadcrumb"},"inLanguage":"fr-FR","potentialAction":[{"@type":"ReadAction","target":["https:\/\/emotionscinemas.fr\/bagnols-sur-ceze\/non-classe\/vivaldi-et-moi-critique-1-ines-verbregue-15-ans\/"]}]},{"@type":"BreadcrumbList","@id":"https:\/\/emotionscinemas.fr\/bagnols-sur-ceze\/non-classe\/vivaldi-et-moi-critique-1-ines-verbregue-15-ans\/#breadcrumb","itemListElement":[{"@type":"ListItem","position":1,"name":"Accueil","item":"https:\/\/emotionscinemas.fr\/bagnols-sur-ceze\/"},{"@type":"ListItem","position":2,"name":"Vivaldi et moi \u2014 Critique (In\u00e8s Verbregue &#8211; 15 ans)"}]},{"@type":"WebSite","@id":"https:\/\/emotionscinemas.fr\/bagnols-sur-ceze\/#website","url":"https:\/\/emotionscinemas.fr\/bagnols-sur-ceze\/","name":"Cin\u00e9ma \u00c9motions de Bagnols-sur-C\u00e8ze","description":"","potentialAction":[{"@type":"SearchAction","target":{"@type":"EntryPoint","urlTemplate":"https:\/\/emotionscinemas.fr\/bagnols-sur-ceze\/?s={search_term_string}"},"query-input":{"@type":"PropertyValueSpecification","valueRequired":true,"valueName":"search_term_string"}}],"inLanguage":"fr-FR"}]}},"_links":{"self":[{"href":"https:\/\/emotionscinemas.fr\/bagnols-sur-ceze\/wp-json\/wp\/v2\/posts\/2589","targetHints":{"allow":["GET"]}}],"collection":[{"href":"https:\/\/emotionscinemas.fr\/bagnols-sur-ceze\/wp-json\/wp\/v2\/posts"}],"about":[{"href":"https:\/\/emotionscinemas.fr\/bagnols-sur-ceze\/wp-json\/wp\/v2\/types\/post"}],"replies":[{"embeddable":true,"href":"https:\/\/emotionscinemas.fr\/bagnols-sur-ceze\/wp-json\/wp\/v2\/comments?post=2589"}],"version-history":[{"count":1,"href":"https:\/\/emotionscinemas.fr\/bagnols-sur-ceze\/wp-json\/wp\/v2\/posts\/2589\/revisions"}],"predecessor-version":[{"id":2590,"href":"https:\/\/emotionscinemas.fr\/bagnols-sur-ceze\/wp-json\/wp\/v2\/posts\/2589\/revisions\/2590"}],"wp:attachment":[{"href":"https:\/\/emotionscinemas.fr\/bagnols-sur-ceze\/wp-json\/wp\/v2\/media?parent=2589"}],"wp:term":[{"taxonomy":"category","embeddable":true,"href":"https:\/\/emotionscinemas.fr\/bagnols-sur-ceze\/wp-json\/wp\/v2\/categories?post=2589"},{"taxonomy":"post_tag","embeddable":true,"href":"https:\/\/emotionscinemas.fr\/bagnols-sur-ceze\/wp-json\/wp\/v2\/tags?post=2589"}],"curies":[{"name":"wp","href":"https:\/\/api.w.org\/{rel}","templated":true}]}}